{"id":40097,"date":"2017-07-14T12:41:46","date_gmt":"2017-07-14T17:41:46","guid":{"rendered":"https:\/\/radiowebmx.com\/nota\/?p=40097"},"modified":"2017-07-14T13:09:34","modified_gmt":"2017-07-14T18:09:34","slug":"ayuntamiento-invita-a-morelianos-a-pasarela-por-semana-de-la-moda-2017","status":"publish","type":"post","link":"https:\/\/radiowebmx.com\/nota\/ayuntamiento-invita-a-morelianos-a-pasarela-por-semana-de-la-moda-2017\/","title":{"rendered":"Ayuntamiento invita a morelianos a pasarela por \u201cSemana de la Moda 2017\u201d"},"content":{"rendered":"<ul>\n<li><strong>El evento se llevar\u00e1 a cabo a las 19:00 horas a la altura del Centro Cultural UNAM.<\/strong><\/li>\n<li><strong>Por este motivo se cerrar\u00e1 la Avenida Acueducto a partir de las 16:00 horas. Se invita a automovilistas a tomar medidas alternas de circulaci\u00f3n.<\/strong><\/li>\n<\/ul>\n<p>&nbsp;<\/p>\n<div>Este viernes, morelianos y visitantes podr\u00e1n ser testigos de uno de los principales eventos de la industria de la moda en la capital michoacana. Se trata de la pasarela cierre de la \u201cSemana de la Moda 2017\u201d, que se llevar\u00e1 a cabo por vez primera sobre la Avenida Acueducto, teniendo de fondo este emblem\u00e1tico monumento arquitect\u00f3nico de la ciudad.<\/p>\n<p>Ser\u00e1 en punto de las 19:00 horas que el desfile organizado por la Agencia Hossmodels, se realizar\u00e1 de manera totalmente gratuita a la altura del Centro Cultural UNAM Campus Morelia, con la participaci\u00f3n de reconocidos dise\u00f1adores y empresarios nacionales e internacionales.<\/p>\n<p>El Gerente del Patrimonio Cultural del Ayuntamiento capitalino, Gaspar Hern\u00e1ndez Razo, refiri\u00f3 que por sexto a\u00f1o consecutivo, la ciudad ser\u00e1 la sede de esta importante pasarela, que servir\u00e1 para resaltar el Patrimonio Cultural, as\u00ed como continuar con el posicionamiento del turismo nacional e internacional.<\/p>\n<p>Asimismo, record\u00f3 que con motivo de este magno evento, se cerrar\u00e1 la circulaci\u00f3n de la Avenida Acueducto, de las 16:00 a las 21:00 horas, por lo que conmin\u00f3 a la ciudadan\u00eda a tomar medidas alternas para transitar, as\u00ed como a contemplar sus tiempos de traslado para evitar contratiempos.<\/p>\n<p>Es de mencionar que el cierre vial iniciar\u00e1 desde la Avenida Francisco Madero Oriente hasta la calle Gertrudis Bocanegra, de tal forma que los automovilistas pueden circular por la Avenida Tata Vasco, tomar la calle Revillagigedo y posteriormente la Avenida Francisco I. Madero y viceversa.<\/p>\n<p>A modo de conclusi\u00f3n, Gaspar Hern\u00e1ndez, invit\u00f3 a las familias morelianas y visitantes a ser parte de este espect\u00e1culo de la moda, que reunir\u00e1 a cerca de 500 personas en este importante escenario.<\/p><\/div>\n","protected":false},"excerpt":{"rendered":"<p>El evento se llevar\u00e1 a cabo a las 19:00 horas a la altura del Centro Cultural UNAM. Por este motivo se cerrar\u00e1 la Avenida Acueducto a partir de las 16:00 horas. Se invita a automovilistas a tomar medidas alternas de circulaci\u00f3n. &nbsp; Este viernes, morelianos y visitantes podr\u00e1n ser testigos de uno de los principales [&hellip;]<\/p>\n","protected":false},"author":2,"featured_media":40098,"comment_status":"closed","ping_status":"closed","sticky":false,"template":"","format":"standard","meta":{"footnotes":""},"categories":[14,60,9],"tags":[],"class_list":["post-40097","post","type-post","status-publish","format-standard","has-post-thumbnail","hentry","category-destacadas","category-michoacan","category-morelia"],"_links":{"self":[{"href":"https:\/\/radiowebmx.com\/nota\/wp-json\/wp\/v2\/posts\/40097","targetHints":{"allow":["GET"]}}],"collection":[{"href":"https:\/\/radiowebmx.com\/nota\/wp-json\/wp\/v2\/posts"}],"about":[{"href":"https:\/\/radiowebmx.com\/nota\/wp-json\/wp\/v2\/types\/post"}],"author":[{"embeddable":true,"href":"https:\/\/radiowebmx.com\/nota\/wp-json\/wp\/v2\/users\/2"}],"replies":[{"embeddable":true,"href":"https:\/\/radiowebmx.com\/nota\/wp-json\/wp\/v2\/comments?post=40097"}],"version-history":[{"count":1,"href":"https:\/\/radiowebmx.com\/nota\/wp-json\/wp\/v2\/posts\/40097\/revisions"}],"predecessor-version":[{"id":40099,"href":"https:\/\/radiowebmx.com\/nota\/wp-json\/wp\/v2\/posts\/40097\/revisions\/40099"}],"wp:featuredmedia":[{"embeddable":true,"href":"https:\/\/radiowebmx.com\/nota\/wp-json\/wp\/v2\/media\/40098"}],"wp:attachment":[{"href":"https:\/\/radiowebmx.com\/nota\/wp-json\/wp\/v2\/media?parent=40097"}],"wp:term":[{"taxonomy":"category","embeddable":true,"href":"https:\/\/radiowebmx.com\/nota\/wp-json\/wp\/v2\/categories?post=40097"},{"taxonomy":"post_tag","embeddable":true,"href":"https:\/\/radiowebmx.com\/nota\/wp-json\/wp\/v2\/tags?post=40097"}],"curies":[{"name":"wp","href":"https:\/\/api.w.org\/{rel}","templated":true}]}}