{"id":40094,"date":"2017-07-14T12:33:12","date_gmt":"2017-07-14T17:33:12","guid":{"rendered":"https:\/\/radiowebmx.com\/nota\/?p=40094"},"modified":"2017-07-14T13:07:38","modified_gmt":"2017-07-14T18:07:38","slug":"manana-inician-los-talleres-artesanales-de-verano-del-iam","status":"publish","type":"post","link":"https:\/\/radiowebmx.com\/nota\/manana-inician-los-talleres-artesanales-de-verano-del-iam\/","title":{"rendered":"Ma\u00f1ana inician los Talleres Artesanales de Verano del IAM"},"content":{"rendered":"<ul>\n<li>Son gratuitos y est\u00e1n dirigidos a personas mayores de tres a\u00f1os de edad, quienes podr\u00e1n aprender las t\u00e9cnicas de maestros artesanos de Cocucho, Morelia, Zinap\u00e9cuaro e Ihuatzio.<\/li>\n<\/ul>\n<p><strong>Morelia, Michoac\u00e1n, a 14 de julio de 2017.-\u00a0<\/strong>Con el objetivo de difundir y fomentar el trabajo realizado en las comunidades del estado y con sensibilizar a la ciudadan\u00eda sobre las t\u00e9cnicas y procesos artesanales, el Instituto del Artesano Michoacano (IAM), a trav\u00e9s de la subdirecci\u00f3n de Arte y Apoyo al Sector Artesanal, invita a los Talleres Artesanales de Verano.<\/p>\n<p>Estos talleres gratuitos est\u00e1n dirigidos al p\u00fablico en general, de los tres a\u00f1os en adelante. Se prev\u00e9 la asistencia de entre 70 y 100 personas en el museo del IAM, y tambi\u00e9n se impartir\u00e1n a grupos de 30 a 50 personas de escuelas y universidades, puntualiz\u00f3 el director general del IAM, Claudio M\u00e9ndez Fern\u00e1ndez.<\/p>\n<p>Detall\u00f3 que en los talleres habr\u00e1 artesanos explicando sus t\u00e9cnicas de manera did\u00e1ctica\u00a0y que las y los asistentes tendr\u00e1n la oportunidad de elaborar peque\u00f1as piezas.<\/p>\n<p>Precis\u00f3 que ser\u00e1n impartidos cuatro talleres: el primero, \u201cModelado de barro\u201d, inicia\u00a0ma\u00f1ana\u00a0s\u00e1bado y estar\u00e1 a cargo del maestro artesano David Alonso, de la localidad de Cocucho;\u00a0el s\u00e1bado 22\u00a0se llevar\u00e1 a cabo el taller de \u201cPapel picado tradicional\u201d, que impartir\u00e1 el maestro Juan Pablo Luna, de Morelia;\u00a0el s\u00e1bado 29\u00a0tendr\u00e1 lugar el taller de \u201cBarro policromado\u201d, a cargo del maestro Julio Hern\u00e1ndez, de Zinap\u00e9cuaro; por \u00faltimo,\u00a0el s\u00e1bado 5 de agosto\u00a0el taller ser\u00e1 sobre \u201cFibras vegetales\u201d, impartido por el maestro artesano Jos\u00e9 Reyes M\u00e9ndez, de la comunidad de Ihuatzio.<\/p>\n<p>Todos los talleres inician\u00a0a las 11:00\u00a0horas, y el material ser\u00e1 proporcionado por el IAM.<\/p>\n<p>Para mayor informaci\u00f3n sobre los talleres artesanales se puede acudir a las oficinas del IAM, con domicilio en la calle Antonio \u00c1lzate, n\u00famero 929, colonia Centro, o comunicarse a los tel\u00e9fonos\u00a0(01443) 3172581\u00a0y\u00a03128914.<\/p>\n","protected":false},"excerpt":{"rendered":"<p>Son gratuitos y est\u00e1n dirigidos a personas mayores de tres a\u00f1os de edad, quienes podr\u00e1n aprender las t\u00e9cnicas de maestros artesanos de Cocucho, Morelia, Zinap\u00e9cuaro e Ihuatzio. Morelia, Michoac\u00e1n, a 14 de julio de 2017.-\u00a0Con el objetivo de difundir y fomentar el trabajo realizado en las comunidades del estado y con sensibilizar a la ciudadan\u00eda [&hellip;]<\/p>\n","protected":false},"author":2,"featured_media":40095,"comment_status":"closed","ping_status":"closed","sticky":false,"template":"","format":"standard","meta":{"footnotes":""},"categories":[14,3,60],"tags":[],"class_list":["post-40094","post","type-post","status-publish","format-standard","has-post-thumbnail","hentry","category-destacadas","category-gobierno-del-estado-de-michoacan","category-michoacan"],"_links":{"self":[{"href":"https:\/\/radiowebmx.com\/nota\/wp-json\/wp\/v2\/posts\/40094","targetHints":{"allow":["GET"]}}],"collection":[{"href":"https:\/\/radiowebmx.com\/nota\/wp-json\/wp\/v2\/posts"}],"about":[{"href":"https:\/\/radiowebmx.com\/nota\/wp-json\/wp\/v2\/types\/post"}],"author":[{"embeddable":true,"href":"https:\/\/radiowebmx.com\/nota\/wp-json\/wp\/v2\/users\/2"}],"replies":[{"embeddable":true,"href":"https:\/\/radiowebmx.com\/nota\/wp-json\/wp\/v2\/comments?post=40094"}],"version-history":[{"count":1,"href":"https:\/\/radiowebmx.com\/nota\/wp-json\/wp\/v2\/posts\/40094\/revisions"}],"predecessor-version":[{"id":40096,"href":"https:\/\/radiowebmx.com\/nota\/wp-json\/wp\/v2\/posts\/40094\/revisions\/40096"}],"wp:featuredmedia":[{"embeddable":true,"href":"https:\/\/radiowebmx.com\/nota\/wp-json\/wp\/v2\/media\/40095"}],"wp:attachment":[{"href":"https:\/\/radiowebmx.com\/nota\/wp-json\/wp\/v2\/media?parent=40094"}],"wp:term":[{"taxonomy":"category","embeddable":true,"href":"https:\/\/radiowebmx.com\/nota\/wp-json\/wp\/v2\/categories?post=40094"},{"taxonomy":"post_tag","embeddable":true,"href":"https:\/\/radiowebmx.com\/nota\/wp-json\/wp\/v2\/tags?post=40094"}],"curies":[{"name":"wp","href":"https:\/\/api.w.org\/{rel}","templated":true}]}}