{"id":40083,"date":"2017-07-13T15:24:58","date_gmt":"2017-07-13T20:24:58","guid":{"rendered":"https:\/\/radiowebmx.com\/nota\/?p=40083"},"modified":"2017-07-14T11:26:20","modified_gmt":"2017-07-14T16:26:20","slug":"poder-judicial-resolvera-temas-de-justicia-laboral","status":"publish","type":"post","link":"https:\/\/radiowebmx.com\/nota\/poder-judicial-resolvera-temas-de-justicia-laboral\/","title":{"rendered":"Poder Judicial resolver\u00e1 temas de justicia laboral"},"content":{"rendered":"<ul type=\"disc\">\n<li class=\"x_MsoNormal\"><strong>Diputados otorgan \u201cha lugar\u201d a \u00a0discusi\u00f3n iniciativa de reforma presentada por Adriana Hern\u00e1ndez I\u00f1iguez<\/strong><\/li>\n<\/ul>\n<p class=\"x_MsoNormal\"><b>Morelia; Michoac\u00e1n, 13 de julio de 2017.-<\/b>\u00a0\u00a0El Congreso del Estado otorg\u00f3 el \u201cha lugar\u201d a discusi\u00f3n la iniciativa de reforma a la Constituci\u00f3n Pol\u00edtica del Estado, la cual propone establecer que el ejercicio del Poder Judicial del Estado se depositar\u00e1 tambi\u00e9n en los juzgados laborales.<\/p>\n<p class=\"x_MsoNormal\">El dictamen presentado por la Comisi\u00f3n de Puntos Constitucionales establece que la iniciativa presentada por la diputada Adriana Hern\u00e1ndez, no contraviene el marco jur\u00eddico estatal, y busca homologar la legislaci\u00f3n local con la federal derivado de la reforma constitucional que fue publicada el 24 veinticuatro de febrero de 2017.<\/p>\n<p class=\"x_MsoNormal\">La iniciativa que fue turnada a las Comisiones Unidas de Puntos Constitucionales y la de Trabajo y Previsi\u00f3n Social,\u00a0tiene por objeto modificar diversas disposiciones constitucionales y legales, en atenci\u00f3n a lo previsto por las disposiciones transitorias del decreto por el que se aprueban las reformas a la Constituci\u00f3n Pol\u00edtica de los Estados Unidos Mexicanos, en materia justicia laboral.<\/p>\n<p class=\"x_MsoNormal\">Asimismo, la comisi\u00f3n dictaminadora se\u00f1al\u00f3 la\u00a0imperiosa necesidad de elevar a rango constitucional los mandatos se\u00f1alados, a fin de estar en condiciones de llevar a cabo las modificaciones legales pertinentes en una segunda etapa, y no ver as\u00ed vulnerado el plazo fijado por la reforma a la Constituci\u00f3n Pol\u00edtica de los Estados Unidos Mexicanos.<\/p>\n<p class=\"x_MsoNormal\">Por lo que los diputados Rosa Mar\u00eda de la Torre, Miguel \u00c1ngel Villegas, Manuel L\u00f3pez Mel\u00e9ndez, Mary Carmen Bernal y Jeovana Alc\u00e1ntar, presidente e integrantes de la Comisi\u00f3n de Puntos Constitucionales no encontraron inconstitucionalidad alguna en la reforma que se estudia, declarando \u201cha lugar\u201d para admitir a discusi\u00f3n la Iniciativa.<\/p>\n<p class=\"x_MsoNormal\">\n","protected":false},"excerpt":{"rendered":"<p>Diputados otorgan \u201cha lugar\u201d a \u00a0discusi\u00f3n iniciativa de reforma presentada por Adriana Hern\u00e1ndez I\u00f1iguez Morelia; Michoac\u00e1n, 13 de julio de 2017.-\u00a0\u00a0El Congreso del Estado otorg\u00f3 el \u201cha lugar\u201d a discusi\u00f3n la iniciativa de reforma a la Constituci\u00f3n Pol\u00edtica del Estado, la cual propone establecer que el ejercicio del Poder Judicial del Estado se depositar\u00e1 tambi\u00e9n [&hellip;]<\/p>\n","protected":false},"author":2,"featured_media":40084,"comment_status":"closed","ping_status":"closed","sticky":false,"template":"","format":"standard","meta":{"footnotes":""},"categories":[6,14],"tags":[],"class_list":["post-40083","post","type-post","status-publish","format-standard","has-post-thumbnail","hentry","category-congreso-del-estado","category-destacadas"],"_links":{"self":[{"href":"https:\/\/radiowebmx.com\/nota\/wp-json\/wp\/v2\/posts\/40083","targetHints":{"allow":["GET"]}}],"collection":[{"href":"https:\/\/radiowebmx.com\/nota\/wp-json\/wp\/v2\/posts"}],"about":[{"href":"https:\/\/radiowebmx.com\/nota\/wp-json\/wp\/v2\/types\/post"}],"author":[{"embeddable":true,"href":"https:\/\/radiowebmx.com\/nota\/wp-json\/wp\/v2\/users\/2"}],"replies":[{"embeddable":true,"href":"https:\/\/radiowebmx.com\/nota\/wp-json\/wp\/v2\/comments?post=40083"}],"version-history":[{"count":1,"href":"https:\/\/radiowebmx.com\/nota\/wp-json\/wp\/v2\/posts\/40083\/revisions"}],"predecessor-version":[{"id":40085,"href":"https:\/\/radiowebmx.com\/nota\/wp-json\/wp\/v2\/posts\/40083\/revisions\/40085"}],"wp:featuredmedia":[{"embeddable":true,"href":"https:\/\/radiowebmx.com\/nota\/wp-json\/wp\/v2\/media\/40084"}],"wp:attachment":[{"href":"https:\/\/radiowebmx.com\/nota\/wp-json\/wp\/v2\/media?parent=40083"}],"wp:term":[{"taxonomy":"category","embeddable":true,"href":"https:\/\/radiowebmx.com\/nota\/wp-json\/wp\/v2\/categories?post=40083"},{"taxonomy":"post_tag","embeddable":true,"href":"https:\/\/radiowebmx.com\/nota\/wp-json\/wp\/v2\/tags?post=40083"}],"curies":[{"name":"wp","href":"https:\/\/api.w.org\/{rel}","templated":true}]}}