{"id":40077,"date":"2017-07-13T14:49:36","date_gmt":"2017-07-13T19:49:36","guid":{"rendered":"https:\/\/radiowebmx.com\/nota\/?p=40077"},"modified":"2017-07-14T11:23:03","modified_gmt":"2017-07-14T16:23:03","slug":"se-amplian-derechos-en-salud-diputados","status":"publish","type":"post","link":"https:\/\/radiowebmx.com\/nota\/se-amplian-derechos-en-salud-diputados\/","title":{"rendered":"Se ampl\u00edan derechos en salud: diputados"},"content":{"rendered":"<p class=\"x_gmail-MsoNoSpacing\"><b><span lang=\"ES-MX\">Morelia; Michoac\u00e1n, 13 de julio de 2017.-<\/span><\/b><span lang=\"ES-MX\">\u00a0 Con el prop\u00f3sito de\u00a0<\/span><span lang=\"ES-MX\">garantizar la salud como un derecho inherente de toda persona, atendiendo a las necesidades de la poblaci\u00f3n, el Congreso del Estado aprob\u00f3 modificar el tercer p\u00e1rrafo del art\u00edculo 2\u00b0 de la Constituci\u00f3n Pol\u00edtica de Michoac\u00e1n, para obligar al estado a proteger la salud de los habitantes provi\u00e9ndoles de seguridad social, medidas preventivas y curativas accesibles que promuevan el bienestar f\u00edsico.<\/span><\/p>\n<p class=\"x_gmail-MsoNoSpacing\"><span lang=\"ES-MX\">El dictamen elaborado por las Comisiones Unidas de Puntos Constitucionales y Salud y Asistencia Social, y presentado por la diputada Belinda Iturbide D\u00edaz, y a su vez suscrita por las legisladoras Nalleli Julieta Pedraza Huerta, Brenda Fabiola Fraga Guti\u00e9rrez, Jeovana Mariela Alc\u00e1ntar Baca y Rosa Mar\u00eda De la Torre Torres, establece que\u00a0<\/span><span lang=\"ES-MX\">toda persona tiene derecho a una existencia digna, a la educaci\u00f3n, a la cultura, al trabajo y a la protecci\u00f3n de la salud. El Estado promover\u00e1 el desarrollo f\u00edsico, moral, intelectual, social y econ\u00f3mico del pueblo.<\/span><\/p>\n<p class=\"x_gmail-MsoNoSpacing\">En este sentido, el decreto se\u00f1ala que las pol\u00edticas p\u00fablicas que de esta modificaci\u00f3n deriven, deber\u00e1n proyectarse en el presupuesto anual que se asignen a diversas dependencias estatales y municipales, para con ello garantizar de forma progresiva este derecho humano vital, sin distinci\u00f3n de ninguna clase entre las personas.<\/p>\n<p class=\"x_gmail-MsoNoSpacing\"><span lang=\"ES-MX\">El Pleno del Congreso determin\u00f3 remitir dicha modificaci\u00f3n\u00a0<\/span><span lang=\"ES\">a los Ayuntamientos y Concejos Municipales del Estado, para que en el t\u00e9rmino de un mes despu\u00e9s de recibida env\u00eden, a la LXXIII Legislatura local, el resultado de su votaci\u00f3n.<\/span><\/p>\n","protected":false},"excerpt":{"rendered":"<p>Morelia; Michoac\u00e1n, 13 de julio de 2017.-\u00a0 Con el prop\u00f3sito de\u00a0garantizar la salud como un derecho inherente de toda persona, atendiendo a las necesidades de la poblaci\u00f3n, el Congreso del Estado aprob\u00f3 modificar el tercer p\u00e1rrafo del art\u00edculo 2\u00b0 de la Constituci\u00f3n Pol\u00edtica de Michoac\u00e1n, para obligar al estado a proteger la salud de los [&hellip;]<\/p>\n","protected":false},"author":2,"featured_media":40078,"comment_status":"closed","ping_status":"closed","sticky":false,"template":"","format":"standard","meta":{"footnotes":""},"categories":[6,14],"tags":[],"class_list":["post-40077","post","type-post","status-publish","format-standard","has-post-thumbnail","hentry","category-congreso-del-estado","category-destacadas"],"_links":{"self":[{"href":"https:\/\/radiowebmx.com\/nota\/wp-json\/wp\/v2\/posts\/40077","targetHints":{"allow":["GET"]}}],"collection":[{"href":"https:\/\/radiowebmx.com\/nota\/wp-json\/wp\/v2\/posts"}],"about":[{"href":"https:\/\/radiowebmx.com\/nota\/wp-json\/wp\/v2\/types\/post"}],"author":[{"embeddable":true,"href":"https:\/\/radiowebmx.com\/nota\/wp-json\/wp\/v2\/users\/2"}],"replies":[{"embeddable":true,"href":"https:\/\/radiowebmx.com\/nota\/wp-json\/wp\/v2\/comments?post=40077"}],"version-history":[{"count":1,"href":"https:\/\/radiowebmx.com\/nota\/wp-json\/wp\/v2\/posts\/40077\/revisions"}],"predecessor-version":[{"id":40079,"href":"https:\/\/radiowebmx.com\/nota\/wp-json\/wp\/v2\/posts\/40077\/revisions\/40079"}],"wp:featuredmedia":[{"embeddable":true,"href":"https:\/\/radiowebmx.com\/nota\/wp-json\/wp\/v2\/media\/40078"}],"wp:attachment":[{"href":"https:\/\/radiowebmx.com\/nota\/wp-json\/wp\/v2\/media?parent=40077"}],"wp:term":[{"taxonomy":"category","embeddable":true,"href":"https:\/\/radiowebmx.com\/nota\/wp-json\/wp\/v2\/categories?post=40077"},{"taxonomy":"post_tag","embeddable":true,"href":"https:\/\/radiowebmx.com\/nota\/wp-json\/wp\/v2\/tags?post=40077"}],"curies":[{"name":"wp","href":"https:\/\/api.w.org\/{rel}","templated":true}]}}