{"id":40073,"date":"2017-07-13T14:15:33","date_gmt":"2017-07-13T19:15:33","guid":{"rendered":"https:\/\/radiowebmx.com\/nota\/?p=40073"},"modified":"2017-07-14T11:17:29","modified_gmt":"2017-07-14T16:17:29","slug":"congreso-ratifico-a-sergio-cazares-solorzano-como-magistrado","status":"publish","type":"post","link":"https:\/\/radiowebmx.com\/nota\/congreso-ratifico-a-sergio-cazares-solorzano-como-magistrado\/","title":{"rendered":"Congreso ratific\u00f3 a Sergio C\u00e1zares Sol\u00f3rzano como Magistrado"},"content":{"rendered":"<p class=\"x_gmail-MsoNoSpacing\"><b>Morelia; Michoac\u00e1n, 13 de julio de 2017.- \u00a0<\/b>El Congreso del Estado reeligi\u00f3 y tom\u00f3 protesta como Magistrado del Supremo Tribunal de Justicia del Estado, a Sergio Alberto C\u00e1zares Sol\u00f3rzano, por un periodo de cinco a\u00f1os a partir del 13 de septiembre de 2017, al 12 de septiembre de 2022.<\/p>\n<p class=\"x_gmail-MsoNoSpacing\">El dictamen presentado por la Comisi\u00f3n de Justicia que preside el diputado \u00c1ngel Cedillo e integran Carlos Quintana, Nalleli Pedraza, Ernesto N\u00fa\u00f1ez y Xochitl Ru\u00edz, se\u00f1ala que C\u00e1zares Sol\u00f3rzano cumple con la totalidad de los requisitos normativos previstos en la Constituci\u00f3n Pol\u00edtica del Estado.<\/p>\n<p><a href=\"https:\/\/radiowebmx.com\/nota\/wp-content\/uploads\/2017\/07\/Comunicado-984-2.jpg\"><img loading=\"lazy\" decoding=\"async\" class=\"alignnone size-medium wp-image-40075\" src=\"https:\/\/radiowebmx.com\/nota\/wp-content\/uploads\/2017\/07\/Comunicado-984-2-595x757.jpg\" alt=\"\" width=\"595\" height=\"757\" srcset=\"https:\/\/radiowebmx.com\/nota\/wp-content\/uploads\/2017\/07\/Comunicado-984-2-595x757.jpg 595w, https:\/\/radiowebmx.com\/nota\/wp-content\/uploads\/2017\/07\/Comunicado-984-2.jpg 709w\" sizes=\"auto, (max-width: 595px) 100vw, 595px\" \/><\/a><\/p>\n<p class=\"x_gmail-MsoNoSpacing\">Cabe destacar que el Magistrado se desempe\u00f1\u00f3 como titular de la Cuarta Sala Civil del Supremo Tribunal de Justicia del Estado, quien fue electo con ese cargo, por el Congreso, el 13 de septiembre de 2007; y fue el 6 de marzo de 2012 cuando se inici\u00f3 el primer procedimiento para emitir el dictamen de evaluaci\u00f3n de desempe\u00f1o \u00e9tico y profesional de dicho Magistrado, mismo que con fecha 6 de septiembre del mismo a\u00f1o finaliz\u00f3 con el decreto emitido por este Congreso, reeligi\u00e9ndolo por un periodo de cinco a\u00f1os a partir del 13 de septiembre de 2012 al 12 de septiembre del 2017.<\/p>\n<p class=\"x_gmail-MsoNoSpacing\">Asimismo, el 15 de marzo de 2017, el Pleno del Consejo del Poder Judicial del Estado, acord\u00f3 iniciar el procedimiento para emitir el dictamen de evaluaci\u00f3n del desempe\u00f1o \u00e9tico y profesional del Magistrado Sergio Alberto C\u00e1zares Sol\u00f3rzano, el cual fue dictaminado el 6 de abril de 2017.<\/p>\n<p class=\"x_MsoNormal\">Dicho dictamen y documentaci\u00f3n sobre el desempe\u00f1o \u00e9tico y profesional del magistrado fue analizado por la Comisi\u00f3n dictaminadora, y determinaron que no solo cuenta con la experiencia suficiente, sino que cumple con los requerimientos para continuar desempe\u00f1ando su funci\u00f3n como\u00a0magistrado del Supremo Tribunal de Justicia.<\/p>\n","protected":false},"excerpt":{"rendered":"<p>Morelia; Michoac\u00e1n, 13 de julio de 2017.- \u00a0El Congreso del Estado reeligi\u00f3 y tom\u00f3 protesta como Magistrado del Supremo Tribunal de Justicia del Estado, a Sergio Alberto C\u00e1zares Sol\u00f3rzano, por un periodo de cinco a\u00f1os a partir del 13 de septiembre de 2017, al 12 de septiembre de 2022. El dictamen presentado por la Comisi\u00f3n [&hellip;]<\/p>\n","protected":false},"author":2,"featured_media":40074,"comment_status":"closed","ping_status":"closed","sticky":false,"template":"","format":"standard","meta":{"footnotes":""},"categories":[6,14],"tags":[],"class_list":["post-40073","post","type-post","status-publish","format-standard","has-post-thumbnail","hentry","category-congreso-del-estado","category-destacadas"],"_links":{"self":[{"href":"https:\/\/radiowebmx.com\/nota\/wp-json\/wp\/v2\/posts\/40073","targetHints":{"allow":["GET"]}}],"collection":[{"href":"https:\/\/radiowebmx.com\/nota\/wp-json\/wp\/v2\/posts"}],"about":[{"href":"https:\/\/radiowebmx.com\/nota\/wp-json\/wp\/v2\/types\/post"}],"author":[{"embeddable":true,"href":"https:\/\/radiowebmx.com\/nota\/wp-json\/wp\/v2\/users\/2"}],"replies":[{"embeddable":true,"href":"https:\/\/radiowebmx.com\/nota\/wp-json\/wp\/v2\/comments?post=40073"}],"version-history":[{"count":1,"href":"https:\/\/radiowebmx.com\/nota\/wp-json\/wp\/v2\/posts\/40073\/revisions"}],"predecessor-version":[{"id":40076,"href":"https:\/\/radiowebmx.com\/nota\/wp-json\/wp\/v2\/posts\/40073\/revisions\/40076"}],"wp:featuredmedia":[{"embeddable":true,"href":"https:\/\/radiowebmx.com\/nota\/wp-json\/wp\/v2\/media\/40074"}],"wp:attachment":[{"href":"https:\/\/radiowebmx.com\/nota\/wp-json\/wp\/v2\/media?parent=40073"}],"wp:term":[{"taxonomy":"category","embeddable":true,"href":"https:\/\/radiowebmx.com\/nota\/wp-json\/wp\/v2\/categories?post=40073"},{"taxonomy":"post_tag","embeddable":true,"href":"https:\/\/radiowebmx.com\/nota\/wp-json\/wp\/v2\/tags?post=40073"}],"curies":[{"name":"wp","href":"https:\/\/api.w.org\/{rel}","templated":true}]}}