{"id":40064,"date":"2017-07-13T20:15:58","date_gmt":"2017-07-14T01:15:58","guid":{"rendered":"https:\/\/radiowebmx.com\/nota\/?p=40064"},"modified":"2017-07-14T11:01:19","modified_gmt":"2017-07-14T16:01:19","slug":"habra-apoyos-al-campo-moreliano-a-traves-de-las-caravanas-cercadeti","status":"publish","type":"post","link":"https:\/\/radiowebmx.com\/nota\/habra-apoyos-al-campo-moreliano-a-traves-de-las-caravanas-cercadeti\/","title":{"rendered":"Habr\u00e1 apoyos al campo moreliano a trav\u00e9s de las Caravanas #CercadeTi"},"content":{"rendered":"<ul>\n<li><strong>Los beneficiarios ser\u00e1n propuestos por la ciudadan\u00eda para garantizar que la ayuda llegue a quienes m\u00e1s lo necesitan, indica el coordinador de Asesores del Poder Ejecutivo, Antonio Soto, durante la Caravana n\u00famero 21, en la tenencia de Santiago Undameo.<\/strong><\/li>\n<\/ul>\n<p><strong>Morelia, Michoac\u00e1n, a 13 de julio de 2017.-<\/strong>\u00a0A trav\u00e9s de las Caravanas #CercadeTi, el Gobierno del Estado, que encabeza Silvano Aureoles Conejo, suma esfuerzos transversales para llevar apoyo a tenencias, zonas rurales y urbanas marginadas para el desarrollo de las familias que se dedican al campo, anunci\u00f3 el coordinador de Asesores del Poder Ejecutivo, Antonio Soto S\u00e1nchez.<\/p>\n<p>Al dirigir un mensaje a los pobladores de la tenencia de Santiago Undameo, a donde este jueves lleg\u00f3 la Caravana #CercadeTi n\u00famero 21 con 22 dependencias que atendieron a m\u00e1s de mil personas que recibieron apoyos en especie, tr\u00e1mites, asesor\u00edas y servicios dentales, de salud preventiva, educativos y visuales, el funcionario estatal detall\u00f3 que las acciones en pro del campo moreliano estar\u00e1n a cargo de la Secretar\u00eda de Desarrollo Rural y Agroalimentario.<br \/>\n<a href=\"https:\/\/radiowebmx.com\/nota\/wp-content\/uploads\/2017\/07\/adbe17f0-038f-4ec9-8b7e-4e2fbc08deb1.jpeg\"><img loading=\"lazy\" decoding=\"async\" class=\"alignnone size-medium wp-image-40065\" src=\"https:\/\/radiowebmx.com\/nota\/wp-content\/uploads\/2017\/07\/adbe17f0-038f-4ec9-8b7e-4e2fbc08deb1-595x660.jpeg\" alt=\"\" width=\"595\" height=\"660\" srcset=\"https:\/\/radiowebmx.com\/nota\/wp-content\/uploads\/2017\/07\/adbe17f0-038f-4ec9-8b7e-4e2fbc08deb1-595x660.jpeg 595w, https:\/\/radiowebmx.com\/nota\/wp-content\/uploads\/2017\/07\/adbe17f0-038f-4ec9-8b7e-4e2fbc08deb1.jpeg 709w\" sizes=\"auto, (max-width: 595px) 100vw, 595px\" \/><\/a><br \/>\n\u201cEstamos determinando el listado de los programas y servicios disponibles para estos sectores productivos de Morelia. Los beneficiarios deber\u00e1n ser propuestas meramente ciudadanas con el objetivo de que los apoyos lleguen directamente a las personas que lo necesitan, por lo que trabajaremos en coordinaci\u00f3n con encargados del orden y jefes de tenencia\u201d, abund\u00f3.<\/p>\n<p>Asimismo, ratific\u00f3 el compromiso de la administraci\u00f3n estatal para redoblar esfuerzos en cumplimiento a la obligaci\u00f3n de impulsar el desarrollo integral de todos los sectores; al mismo tiempo, se dijo agradecido por la oportunidad de servir y participar en la transformaci\u00f3n positiva de Morelia.<\/p>\n<p>\u201cNo vamos a bajar la guardia, tenemos que lograr que nuestra gente mejore sus condiciones de vida\u201d, apunt\u00f3.<\/p>\n<p>Al evento tambi\u00e9n asistieron la titular de la Secretar\u00eda de Cultura, Silvia Figueroa Zamudio; la directora general del Instituto de la Juventud Michoacana, Giuliana Bugarini Torres; el director general del Registro Civil, Hugo Gama Coria; la rectora de la Universidad Virtual del Estado de Michoac\u00e1n, Silvia Mendoza; y el jefe de tenencia, Jos\u00e9 Luis Guzm\u00e1n Cort\u00e9s.<\/p>\n","protected":false},"excerpt":{"rendered":"<p>Los beneficiarios ser\u00e1n propuestos por la ciudadan\u00eda para garantizar que la ayuda llegue a quienes m\u00e1s lo necesitan, indica el coordinador de Asesores del Poder Ejecutivo, Antonio Soto, durante la Caravana n\u00famero 21, en la tenencia de Santiago Undameo. Morelia, Michoac\u00e1n, a 13 de julio de 2017.-\u00a0A trav\u00e9s de las Caravanas #CercadeTi, el Gobierno del [&hellip;]<\/p>\n","protected":false},"author":2,"featured_media":40066,"comment_status":"closed","ping_status":"closed","sticky":false,"template":"","format":"standard","meta":{"footnotes":""},"categories":[14,3,60],"tags":[],"class_list":["post-40064","post","type-post","status-publish","format-standard","has-post-thumbnail","hentry","category-destacadas","category-gobierno-del-estado-de-michoacan","category-michoacan"],"_links":{"self":[{"href":"https:\/\/radiowebmx.com\/nota\/wp-json\/wp\/v2\/posts\/40064","targetHints":{"allow":["GET"]}}],"collection":[{"href":"https:\/\/radiowebmx.com\/nota\/wp-json\/wp\/v2\/posts"}],"about":[{"href":"https:\/\/radiowebmx.com\/nota\/wp-json\/wp\/v2\/types\/post"}],"author":[{"embeddable":true,"href":"https:\/\/radiowebmx.com\/nota\/wp-json\/wp\/v2\/users\/2"}],"replies":[{"embeddable":true,"href":"https:\/\/radiowebmx.com\/nota\/wp-json\/wp\/v2\/comments?post=40064"}],"version-history":[{"count":1,"href":"https:\/\/radiowebmx.com\/nota\/wp-json\/wp\/v2\/posts\/40064\/revisions"}],"predecessor-version":[{"id":40067,"href":"https:\/\/radiowebmx.com\/nota\/wp-json\/wp\/v2\/posts\/40064\/revisions\/40067"}],"wp:featuredmedia":[{"embeddable":true,"href":"https:\/\/radiowebmx.com\/nota\/wp-json\/wp\/v2\/media\/40066"}],"wp:attachment":[{"href":"https:\/\/radiowebmx.com\/nota\/wp-json\/wp\/v2\/media?parent=40064"}],"wp:term":[{"taxonomy":"category","embeddable":true,"href":"https:\/\/radiowebmx.com\/nota\/wp-json\/wp\/v2\/categories?post=40064"},{"taxonomy":"post_tag","embeddable":true,"href":"https:\/\/radiowebmx.com\/nota\/wp-json\/wp\/v2\/tags?post=40064"}],"curies":[{"name":"wp","href":"https:\/\/api.w.org\/{rel}","templated":true}]}}