{"id":40052,"date":"2017-07-13T17:37:06","date_gmt":"2017-07-13T22:37:06","guid":{"rendered":"https:\/\/radiowebmx.com\/nota\/?p=40052"},"modified":"2017-07-14T10:46:21","modified_gmt":"2017-07-14T15:46:21","slug":"secretaria-de-desarrollo-metropolitano-e-infraestructura-anuncia-cortes-de-circulacion-en-avenida-solidaridad","status":"publish","type":"post","link":"https:\/\/radiowebmx.com\/nota\/secretaria-de-desarrollo-metropolitano-e-infraestructura-anuncia-cortes-de-circulacion-en-avenida-solidaridad\/","title":{"rendered":"Secretar\u00eda de Desarrollo Metropolitano e Infraestructura anuncia cortes de circulaci\u00f3n en Avenida Solidaridad"},"content":{"rendered":"<ul>\n<li><strong>Avenida Solidaridad en el tramo Virrey de Mendoza-Ventura Puente, estar\u00e1 cerrado a la circulaci\u00f3n vehicular.<\/strong><\/li>\n<\/ul>\n<p>&nbsp;<\/p>\n<div>Como parte de las acciones tendientes al mejoramiento de vialidades y el saneamiento de los cuerpos de agua, la Secretar\u00eda de Desarrollo Metropolitano e Infraestructura que encabeza Juan Fernando Sosa Tapia, informa a la poblaci\u00f3n que continuar\u00e1n los cortes de circulaci\u00f3n en la Avenida Solidaridad, en el tramo que abarca desde Virrey de Mendoza a hasta la avenida Ventura Puente, debido al trabajo de sondeos de ducter\u00eda (agua potable y drenaje).<\/p>\n<p>El cierre total de la vialidad iniciar\u00e1 a partir de este jueves, tiempo en el cual se trabajar\u00e1 para dejar lista est\u00e1 Avenida el fin de semana, d\u00eda en el que se abrir\u00e1 para la circulaci\u00f3n.<\/p>\n<p>El encargado de la ejecuci\u00f3n y supervisi\u00f3n de obras p\u00fablicas del municipio destac\u00f3 que estas labores evitar\u00e1n la formaci\u00f3n de encharcamientos en la zona, al referir que es un trabajo integral que se realiza como parte de la conexi\u00f3n de 14 tomas domiciliarias al Colector Sanitario Madrina margen izquierdo del R\u00edo Chiquito.<\/p>\n<p>Sosa Tapia, detall\u00f3 que las acciones en esta zona habitacional de la ciudad consisten en la limpieza de los colectores, la revisi\u00f3n de los ductos de agua potable y drenaje lo que permitir\u00e1 un mejor flujo del vital l\u00edquido derivado de las precipitaciones pluviales.<\/p>\n<p>Pidi\u00f3 a la poblaci\u00f3n tomar sus precauciones, utilizar v\u00edas alternas y evitar tr\u00e1fico en la zona, pues la maquinaria y el personal del Gobierno Municipal permanecer\u00e1n en el sitio este jueves realizando las labores descritas.<\/p>\n<p>De esta manera, el Gobierno Municipal avanza con esta importante obra que se realiza en la intervenci\u00f3n del R\u00edo Chiquito en beneficio de miles de habitantes y cumpliendo con una de las peticiones primarias de los vecinos de las colonias aleda\u00f1as, al evitar inundaciones y encharcamientos en las mismas.<\/p><\/div>\n","protected":false},"excerpt":{"rendered":"<p>Avenida Solidaridad en el tramo Virrey de Mendoza-Ventura Puente, estar\u00e1 cerrado a la circulaci\u00f3n vehicular. &nbsp; Como parte de las acciones tendientes al mejoramiento de vialidades y el saneamiento de los cuerpos de agua, la Secretar\u00eda de Desarrollo Metropolitano e Infraestructura que encabeza Juan Fernando Sosa Tapia, informa a la poblaci\u00f3n que continuar\u00e1n los cortes [&hellip;]<\/p>\n","protected":false},"author":2,"featured_media":40053,"comment_status":"closed","ping_status":"closed","sticky":false,"template":"","format":"standard","meta":{"footnotes":""},"categories":[14,60,9],"tags":[],"class_list":["post-40052","post","type-post","status-publish","format-standard","has-post-thumbnail","hentry","category-destacadas","category-michoacan","category-morelia"],"_links":{"self":[{"href":"https:\/\/radiowebmx.com\/nota\/wp-json\/wp\/v2\/posts\/40052","targetHints":{"allow":["GET"]}}],"collection":[{"href":"https:\/\/radiowebmx.com\/nota\/wp-json\/wp\/v2\/posts"}],"about":[{"href":"https:\/\/radiowebmx.com\/nota\/wp-json\/wp\/v2\/types\/post"}],"author":[{"embeddable":true,"href":"https:\/\/radiowebmx.com\/nota\/wp-json\/wp\/v2\/users\/2"}],"replies":[{"embeddable":true,"href":"https:\/\/radiowebmx.com\/nota\/wp-json\/wp\/v2\/comments?post=40052"}],"version-history":[{"count":1,"href":"https:\/\/radiowebmx.com\/nota\/wp-json\/wp\/v2\/posts\/40052\/revisions"}],"predecessor-version":[{"id":40054,"href":"https:\/\/radiowebmx.com\/nota\/wp-json\/wp\/v2\/posts\/40052\/revisions\/40054"}],"wp:featuredmedia":[{"embeddable":true,"href":"https:\/\/radiowebmx.com\/nota\/wp-json\/wp\/v2\/media\/40053"}],"wp:attachment":[{"href":"https:\/\/radiowebmx.com\/nota\/wp-json\/wp\/v2\/media?parent=40052"}],"wp:term":[{"taxonomy":"category","embeddable":true,"href":"https:\/\/radiowebmx.com\/nota\/wp-json\/wp\/v2\/categories?post=40052"},{"taxonomy":"post_tag","embeddable":true,"href":"https:\/\/radiowebmx.com\/nota\/wp-json\/wp\/v2\/tags?post=40052"}],"curies":[{"name":"wp","href":"https:\/\/api.w.org\/{rel}","templated":true}]}}