{"id":40049,"date":"2017-07-13T17:17:57","date_gmt":"2017-07-13T22:17:57","guid":{"rendered":"https:\/\/radiowebmx.com\/nota\/?p=40049"},"modified":"2017-07-14T10:43:57","modified_gmt":"2017-07-14T15:43:57","slug":"en-marcha-la-segunda-vuelta-de-la-licitacion-para-la-auditoria-forense","status":"publish","type":"post","link":"https:\/\/radiowebmx.com\/nota\/en-marcha-la-segunda-vuelta-de-la-licitacion-para-la-auditoria-forense\/","title":{"rendered":"En marcha, la segunda vuelta de la licitaci\u00f3n para la Auditor\u00eda Forense"},"content":{"rendered":"<ul>\n<li><strong>Este jueves se llev\u00f3 a cabo la junta de aclaraciones de manera p\u00fablica, con la presencia de los licitantes y de representantes de SFA, Secoem, Congreso del Estado y de medios de comunicaci\u00f3n.<\/strong><\/li>\n<li><strong>Las bases fueron adquiridas por siete empresas, detalla el director general del CADPE, Guillermo Loaiza.<\/strong><\/li>\n<\/ul>\n<p><strong>Morelia, Michoac\u00e1n, a 13 de julio de 2017.-\u00a0<\/strong>Este jueves, en punto\u00a0de las 13:00\u00a0horas, se realiz\u00f3 la junta de aclaraciones de la segunda vuelta de la licitaci\u00f3n para la contrataci\u00f3n de un Auditor\u00eda Forense a la cuenta \u201cCargos por Aplicar\u201d, solicitada por la Secretar\u00eda de Finanzas y Administraci\u00f3n (SFA), en la que se resolvieron 23 preguntas respecto de la licitaci\u00f3n y del servicio a contratar, inform\u00f3 el director general del Comit\u00e9 de Adquisiciones del Poder Ejecutivo (CADPE), Guillermo Loaiza.<\/p>\n<p>Detall\u00f3 que se inform\u00f3 a los participantes que la visita a los laboratorios forenses se har\u00e1 con fecha posterior a la apertura de propuestas t\u00e9cnicas y econ\u00f3micas, es decir, durante los d\u00edas 18, 19 y\u00a020 de julio de 2017, en un horario\u00a0de 09:00 a 21:00\u00a0horas, para estar en condiciones de conocer cu\u00e1les licitantes tienen inter\u00e9s en continuar participando en la presente licitaci\u00f3n.<\/p>\n<p>En consecuencia, explic\u00f3, se difiri\u00f3 el fallo de adjudicaci\u00f3n para\u00a0el d\u00eda 21 de julio de 2017 a las 14:00\u00a0horas, con la finalidad de realizar la visita a los laboratorios forenses \u00fanicamente de los proveedores que presentaron propuesta t\u00e9cnica y econ\u00f3mica, y contar con mayor tiempo para la evaluaci\u00f3n de las propuestas presentadas.<\/p>\n<p>Subray\u00f3 que la junta de aclaraciones \u2013realizada en las instalaciones del CADPE- fue p\u00fablica y cont\u00f3 con la presencia de los licitantes, representantes de los medios de comunicaci\u00f3n y de servidores p\u00fablicos de la SFA y de la Secretar\u00eda de Contralor\u00eda del Estado de Michoac\u00e1n (Secoem), as\u00ed como Edgar Mart\u00ednez Altamirano, de la Comisi\u00f3n Inspectora de la Auditor\u00eda Superior de Michoac\u00e1n del Congreso del Estado.<\/p>\n<p>Guillermo Loaiza precis\u00f3 que la venta de bases se realiz\u00f3 del 30 de junio al 7 de julio de 2017 y que fueron adquiridas por las siguientes empresas: Galaz, Yamazaki, Ru\u00edz Urquiza, S.C. (DELOITTE); Zaldivar Consulting, S.C.; Villica\u00f1a Gonzalez S.C.; Auren Bajio, S.C.; Contadores y Asesores de Negocios PFK M\u00e9xico, S.C.; KA de Mexico, S. De R.L. De C.V. (KROLL); y Lores Budi\u00f1o y Compa\u00f1\u00eda, S.C.<\/p>\n<p>Enfatiz\u00f3 que no obstante que el art\u00edculo 31 de la Ley de Adquisiciones, Arrendamientos y Prestaci\u00f3n de Servicios Relacionados con Bienes Muebles e Inmuebles del Estado de Michoac\u00e1n de Ocampo \u00fanicamente establece la obligaci\u00f3n de publicar las convocatorias en \u201cun peri\u00f3dico de los de mayor circulaci\u00f3n en el estado\u201d a fin de asegurar las mejores condiciones disponibles en cuanto a calidad, precio, oportunidad y dem\u00e1s circunstancias pertinentes, as\u00ed como para cumplir con la intenci\u00f3n del Decreto N\u00famero 345 del Congreso del Estado de darle una difusi\u00f3n nacional a la convocatoria, se mand\u00f3 publicar en los siguientes medios de difusi\u00f3n:<\/p>\n<p>El 30 de junio de 2017 en el peri\u00f3dico \u201cLa Voz de Michoac\u00e1n\u201d, as\u00ed como en la p\u00e1gina web\u00a0<a dir=\"ltr\" href=\"http:\/\/gob.us11.list-manage1.com\/track\/click?u=c3679d81029880892ab85d106&amp;id=54ab7dd8e4&amp;e=c908f73b11\" target=\"_blank\" rel=\"noopener noreferrer\">http:\/\/www.cadpe.michoacan.gob.mx<\/a>; el 3 de julio de 2017 en el peri\u00f3dico \u201cDiario Milenio\u201d y en el Peri\u00f3dico Oficial del Estado de Michoac\u00e1n; y el 4 de julio de 2017 en el Diario Oficial de la Federaci\u00f3n.<\/p>\n<p>Asimismo, se envi\u00f3 convocatoria por escrito al Instituto Mexicano de Contadores P\u00fablicos, A.C.; al Instituto Mexicano de Auditores Internos, A.C.; al Colegio de Contadores P\u00fablicos de M\u00e9xico, A.C. y al Colegio de Contadores P\u00fablicos de Michoac\u00e1n, A.C., con la finalidad de que \u00e9sta sea difundida entre sus afiliados y miembros.<\/p>\n<p>Por \u00faltimo, el director general del CAPDE destac\u00f3 que la Secretar\u00eda de la Funci\u00f3n P\u00fablica, mediante el oficio UNCP\/309\/TU\/379\/2017, de fecha 21 de junio de 2017, signado por el titular de la Unidad de Normatividad de Contrataciones P\u00fablicas, confirm\u00f3 que la ley aplicable es la Ley de Adquisiciones del Estado de Michoac\u00e1n de Ocampo, por lo que no se podr\u00e1 denominar \u201clicitaci\u00f3n p\u00fablica nacional\u201d; sin perjuicio de lo anterior, en la convocatoria se se\u00f1al\u00f3 que podr\u00e1n participar cualquier persona f\u00edsica o moral, nacional e internacional, independientemente de su domicilio, origen y nacionalidad.<\/p>\n","protected":false},"excerpt":{"rendered":"<p>Este jueves se llev\u00f3 a cabo la junta de aclaraciones de manera p\u00fablica, con la presencia de los licitantes y de representantes de SFA, Secoem, Congreso del Estado y de medios de comunicaci\u00f3n. Las bases fueron adquiridas por siete empresas, detalla el director general del CADPE, Guillermo Loaiza. Morelia, Michoac\u00e1n, a 13 de julio de [&hellip;]<\/p>\n","protected":false},"author":2,"featured_media":40050,"comment_status":"closed","ping_status":"closed","sticky":false,"template":"","format":"standard","meta":{"footnotes":""},"categories":[14,3,60],"tags":[],"class_list":["post-40049","post","type-post","status-publish","format-standard","has-post-thumbnail","hentry","category-destacadas","category-gobierno-del-estado-de-michoacan","category-michoacan"],"_links":{"self":[{"href":"https:\/\/radiowebmx.com\/nota\/wp-json\/wp\/v2\/posts\/40049","targetHints":{"allow":["GET"]}}],"collection":[{"href":"https:\/\/radiowebmx.com\/nota\/wp-json\/wp\/v2\/posts"}],"about":[{"href":"https:\/\/radiowebmx.com\/nota\/wp-json\/wp\/v2\/types\/post"}],"author":[{"embeddable":true,"href":"https:\/\/radiowebmx.com\/nota\/wp-json\/wp\/v2\/users\/2"}],"replies":[{"embeddable":true,"href":"https:\/\/radiowebmx.com\/nota\/wp-json\/wp\/v2\/comments?post=40049"}],"version-history":[{"count":1,"href":"https:\/\/radiowebmx.com\/nota\/wp-json\/wp\/v2\/posts\/40049\/revisions"}],"predecessor-version":[{"id":40051,"href":"https:\/\/radiowebmx.com\/nota\/wp-json\/wp\/v2\/posts\/40049\/revisions\/40051"}],"wp:featuredmedia":[{"embeddable":true,"href":"https:\/\/radiowebmx.com\/nota\/wp-json\/wp\/v2\/media\/40050"}],"wp:attachment":[{"href":"https:\/\/radiowebmx.com\/nota\/wp-json\/wp\/v2\/media?parent=40049"}],"wp:term":[{"taxonomy":"category","embeddable":true,"href":"https:\/\/radiowebmx.com\/nota\/wp-json\/wp\/v2\/categories?post=40049"},{"taxonomy":"post_tag","embeddable":true,"href":"https:\/\/radiowebmx.com\/nota\/wp-json\/wp\/v2\/tags?post=40049"}],"curies":[{"name":"wp","href":"https:\/\/api.w.org\/{rel}","templated":true}]}}