{"id":40030,"date":"2017-07-13T16:02:17","date_gmt":"2017-07-13T21:02:17","guid":{"rendered":"https:\/\/radiowebmx.com\/nota\/?p=40030"},"modified":"2017-07-14T10:32:53","modified_gmt":"2017-07-14T15:32:53","slug":"invita-semigrante-a-diplomado-para-brindar-apoyo-a-migrantes-refugiados-y-desplazados","status":"publish","type":"post","link":"https:\/\/radiowebmx.com\/nota\/invita-semigrante-a-diplomado-para-brindar-apoyo-a-migrantes-refugiados-y-desplazados\/","title":{"rendered":"Invita Semigrante a diplomado para brindar apoyo a migrantes, refugiados y desplazados"},"content":{"rendered":"<ul>\n<li><strong>La dependencia otorgar\u00e1 15 becas para asistir a esta actividad organizada en coordinaci\u00f3n con la UMSNH y la Iniciativa Ciudadana para la Promoci\u00f3n de la Cultura del Di\u00e1logo.<\/strong><\/li>\n<\/ul>\n<p><strong>Morelia, Michoac\u00e1n, a 13 de julio de 2017.-\u00a0<\/strong>La Secretar\u00eda del Migrante (Semigrante) otorgar\u00e1 15 becas para el Diplomado en Primeros Auxilios Psicol\u00f3gicos para Personas Migrantes, Refugiadas y Desplazadas, que se realizar\u00e1 en coordinaci\u00f3n con la Iniciativa Ciudadana para la Promoci\u00f3n de la Cultura del Di\u00e1logo y el Centro Nicolaita de Estudios Migratorios Universidad Michoacana de San Nicol\u00e1s de Hidalgo (UMSNH).<\/p>\n<p>El titular de la dependencia, Jos\u00e9 Luis Guti\u00e9rrez P\u00e9rez, inform\u00f3 lo anterior y enfatiz\u00f3 que los principales objetivos del diplomado son sensibilizar a las y los participantes sobre la crisis humanitaria impl\u00edcita en la migraci\u00f3n, la comprensi\u00f3n de la migraci\u00f3n como un fen\u00f3meno complejo, asociado a factores psicol\u00f3gicos, sociales, econ\u00f3micos, geopol\u00edticos y culturales, as\u00ed como la desnaturalizaci\u00f3n de conductas de abuso ejercidas contra los migrantes, con el fin de que las personas que los atienden respeten en todo momento sus derechos humanos.<\/p>\n<p>El funcionario estatal precis\u00f3 que ante el escenario actual de Estados Unidos, M\u00e9xico y de la regi\u00f3n, se ha visibilizado una xenofobia muy fuerte hacia la poblaci\u00f3n migrante, particularmente hacia los latinos, \u00e1rabes y musulmanes.<\/p>\n<p>\u201cDebido a este fen\u00f3meno se activaron diversas redes de la sociedad civil, academia y gobiernos en sus diferentes niveles para contrarrestar esta ofensiva mediante la realizaci\u00f3n de una serie de entrevistas a profundidad para consultar a los diferentes actores que trabajan directa o indirectamente con migrantes y a los propios migrantes en sus diferentes roles, sobre sus diversas realidades, as\u00ed como la atenci\u00f3n psicol\u00f3gica que recib\u00edan y que les gustar\u00eda recibir en sus diferentes contextos\u201d, detall\u00f3 Guti\u00e9rrez P\u00e9rez.<\/p>\n<p>El diplomado se llevar\u00e1 a cabo\u00a0del 9 de agosto al 6 de diciembre\u00a0en la planta baja del Edificio N de Ciudad Universitaria, ya que es presencial, aunque ciertos ejercicios podr\u00e1n realizarse en l\u00ednea.<\/p>\n<p>Las y los interesados deber\u00e1n enviar una carta de exposici\u00f3n de motivos de una cuartilla al correo electr\u00f3nico\u00a0<a href=\"mailto:h_portales82@yahoo.com.mx\" target=\"_blank\" rel=\"noopener noreferrer\">h_portales82@yahoo.com.mx<\/a>\u00a0del 13 al 21 de julio.<\/p>\n<p>O si lo prefieren, pueden acudir a las oficinas centrales de Semigrante, en Morelia, ubicadas en Colegio Militar n\u00famero 230, en la colonia Chapultepec Norte, o bien, comunicarse al n\u00famero telef\u00f3nico\u00a0(443) 322-91-00, larga distancia nacional sin costo\u00a001-800-557-33-99\u00a0o internacional sin costo\u00a01-866-360-43-22.<\/p>\n","protected":false},"excerpt":{"rendered":"<p>La dependencia otorgar\u00e1 15 becas para asistir a esta actividad organizada en coordinaci\u00f3n con la UMSNH y la Iniciativa Ciudadana para la Promoci\u00f3n de la Cultura del Di\u00e1logo. Morelia, Michoac\u00e1n, a 13 de julio de 2017.-\u00a0La Secretar\u00eda del Migrante (Semigrante) otorgar\u00e1 15 becas para el Diplomado en Primeros Auxilios Psicol\u00f3gicos para Personas Migrantes, Refugiadas y [&hellip;]<\/p>\n","protected":false},"author":2,"featured_media":40031,"comment_status":"closed","ping_status":"closed","sticky":false,"template":"","format":"standard","meta":{"footnotes":""},"categories":[14,3,60],"tags":[],"class_list":["post-40030","post","type-post","status-publish","format-standard","has-post-thumbnail","hentry","category-destacadas","category-gobierno-del-estado-de-michoacan","category-michoacan"],"_links":{"self":[{"href":"https:\/\/radiowebmx.com\/nota\/wp-json\/wp\/v2\/posts\/40030","targetHints":{"allow":["GET"]}}],"collection":[{"href":"https:\/\/radiowebmx.com\/nota\/wp-json\/wp\/v2\/posts"}],"about":[{"href":"https:\/\/radiowebmx.com\/nota\/wp-json\/wp\/v2\/types\/post"}],"author":[{"embeddable":true,"href":"https:\/\/radiowebmx.com\/nota\/wp-json\/wp\/v2\/users\/2"}],"replies":[{"embeddable":true,"href":"https:\/\/radiowebmx.com\/nota\/wp-json\/wp\/v2\/comments?post=40030"}],"version-history":[{"count":2,"href":"https:\/\/radiowebmx.com\/nota\/wp-json\/wp\/v2\/posts\/40030\/revisions"}],"predecessor-version":[{"id":40034,"href":"https:\/\/radiowebmx.com\/nota\/wp-json\/wp\/v2\/posts\/40030\/revisions\/40034"}],"wp:featuredmedia":[{"embeddable":true,"href":"https:\/\/radiowebmx.com\/nota\/wp-json\/wp\/v2\/media\/40031"}],"wp:attachment":[{"href":"https:\/\/radiowebmx.com\/nota\/wp-json\/wp\/v2\/media?parent=40030"}],"wp:term":[{"taxonomy":"category","embeddable":true,"href":"https:\/\/radiowebmx.com\/nota\/wp-json\/wp\/v2\/categories?post=40030"},{"taxonomy":"post_tag","embeddable":true,"href":"https:\/\/radiowebmx.com\/nota\/wp-json\/wp\/v2\/tags?post=40030"}],"curies":[{"name":"wp","href":"https:\/\/api.w.org\/{rel}","templated":true}]}}