{"id":4003,"date":"2013-09-26T11:48:45","date_gmt":"2013-09-26T16:48:45","guid":{"rendered":"https:\/\/radiowebmx.com\/nota\/?p=4003"},"modified":"2013-09-26T11:48:45","modified_gmt":"2013-09-26T16:48:45","slug":"inaugura-jesus-sierra-primer-congreso-internacional-prospectiva-de-la-investigacion-innovacion-y-evaluacion-educativa-siglo-xxi","status":"publish","type":"post","link":"https:\/\/radiowebmx.com\/nota\/inaugura-jesus-sierra-primer-congreso-internacional-prospectiva-de-la-investigacion-innovacion-y-evaluacion-educativa-siglo-xxi\/","title":{"rendered":"INAUGURA JES\u00daS SIERRA PRIMER CONGRESO INTERNACIONAL PROSPECTIVA DE LA INVESTIGACI\u00d3N, INNOVACI\u00d3N Y EVALUACI\u00d3N EDUCATIVA SIGLO XXI"},"content":{"rendered":"<p><a href=\"https:\/\/radiowebmx.com\/nota\/wp-content\/uploads\/2013\/09\/4Q4A9950.jpg\"><img loading=\"lazy\" decoding=\"async\" class=\"alignleft size-full wp-image-4004\" alt=\"4Q4A9950\" src=\"https:\/\/radiowebmx.com\/nota\/wp-content\/uploads\/2013\/09\/4Q4A9950.jpg\" width=\"591\" height=\"249\" \/><\/a>El secretario de Educaci\u00f3n en Michoac\u00e1n, J. Jes\u00fas Sierra Arias, inaugur\u00f3 este mi\u00e9rcoles los trabajos del Primer Congreso Internacional Prospectiva de la Investigaci\u00f3n, Innovaci\u00f3n y Evaluaci\u00f3n Educativa del Siglo XXI, el cual representa el inter\u00e9s de la comunidad acad\u00e9mica por estar a la altura de los cambios que actualmente tiene el pa\u00eds.<\/p>\n<p>El Congreso que concluir\u00e1 este 27 de septiembre, es organizado por las cuatro unidades en el estado de la\u00a0 Universidad Pedag\u00f3gica Nacional (Morelia, Uruapan, Zamora y Zit\u00e1cuaro).<\/p>\n<p>Con la inauguraci\u00f3n de las actividades y ante la presencia de legisladores locales, del director de las Unidades UPN en el pa\u00eds, Adalberto Rangel Ruiz de la Pe\u00f1a y de los directores de las unidades de esta instituci\u00f3n en el estado, Jes\u00fas Sierra enfatiz\u00f3 que este Congreso permite a los trabajadores de la educaci\u00f3n y futuros acad\u00e9micos, un espacio de discusi\u00f3n y preparaci\u00f3n ante los cambios nacionales.<\/p>\n<p>El funcionario estatal felicit\u00f3 a los organizadores por tener esa disposici\u00f3n al cambio y aunque haya intercambio de opiniones, especialmente los reconoci\u00f3 porque la Universidad Pedag\u00f3gica Nacional busca ser una de las mejores v\u00edas de oportunidades para la preparaci\u00f3n y para la continuidad de la tarea educativa.<\/p>\n<p>\u201cRequerimos capacitaci\u00f3n y formaci\u00f3n por eso esta instituci\u00f3n lo que pretende es ser una de las mejores v\u00edas para lograr los cambios y se prepara para poner al servicio de los docentes los elementos que requieren para la continuidad en su tarea cotidiana, por esa raz\u00f3n nos debemos felicitar, porque estas instituciones ven a futuro sin perder la capacidad cr\u00edtica que debe tener una sociedad democr\u00e1tica; los espacios acad\u00e9micos son para la discusi\u00f3n y fundamentalmente para la construcci\u00f3n\u201d, enfatiz\u00f3 el titular de la pol\u00edtica educativa en el estado.<\/p>\n<p>Por su parte, Francisco Guzm\u00e1n Mar\u00edn, director de la Unidad 161 de la UPN Morelia, durante su discurso resalt\u00f3 que en la actualidad M\u00e9xico se debate entre las acciones de resistencia de los agentes del pasado que detractan por consigna cualquier propuesta de cambio y las pol\u00edticas de transformaci\u00f3n que pretenden impulsar los agentes del futuro.<\/p>\n<p>El director expres\u00f3 que las unidades UPN de Michoac\u00e1n, responden con este Congreso a las necesidades locales, regionales y nacionales del contexto socio-educativo del pa\u00eds.<\/p>\n<p>Durante el Congreso, se contar\u00e1 con la participaci\u00f3n de conferencistas de otros pa\u00edses y de M\u00e9xico.<\/p>\n<p>Participaron los directores de las Unidades UPN 162 de Zamora, Joaqu\u00edn L\u00f3pez Garc\u00eda, as\u00ed como la 163 y 164 de Uruapan y Zit\u00e1cuaro, Rosa Mar\u00eda Salgado Medina y Mar\u00eda Leticia Serna Gonz\u00e1lez, respectivamente.<\/p>\n<p>&nbsp;<\/p>\n","protected":false},"excerpt":{"rendered":"<p>El secretario de Educaci\u00f3n en Michoac\u00e1n, J. Jes\u00fas Sierra Arias, inaugur\u00f3 este mi\u00e9rcoles los trabajos del Primer Congreso Internacional Prospectiva de la Investigaci\u00f3n, Innovaci\u00f3n y Evaluaci\u00f3n Educativa del Siglo XXI,<\/p>\n","protected":false},"author":1,"featured_media":0,"comment_status":"open","ping_status":"open","sticky":false,"template":"","format":"standard","meta":{"footnotes":""},"categories":[14,3],"tags":[],"class_list":["post-4003","post","type-post","status-publish","format-standard","hentry","category-destacadas","category-gobierno-del-estado-de-michoacan"],"_links":{"self":[{"href":"https:\/\/radiowebmx.com\/nota\/wp-json\/wp\/v2\/posts\/4003","targetHints":{"allow":["GET"]}}],"collection":[{"href":"https:\/\/radiowebmx.com\/nota\/wp-json\/wp\/v2\/posts"}],"about":[{"href":"https:\/\/radiowebmx.com\/nota\/wp-json\/wp\/v2\/types\/post"}],"author":[{"embeddable":true,"href":"https:\/\/radiowebmx.com\/nota\/wp-json\/wp\/v2\/users\/1"}],"replies":[{"embeddable":true,"href":"https:\/\/radiowebmx.com\/nota\/wp-json\/wp\/v2\/comments?post=4003"}],"version-history":[{"count":2,"href":"https:\/\/radiowebmx.com\/nota\/wp-json\/wp\/v2\/posts\/4003\/revisions"}],"predecessor-version":[{"id":4006,"href":"https:\/\/radiowebmx.com\/nota\/wp-json\/wp\/v2\/posts\/4003\/revisions\/4006"}],"wp:attachment":[{"href":"https:\/\/radiowebmx.com\/nota\/wp-json\/wp\/v2\/media?parent=4003"}],"wp:term":[{"taxonomy":"category","embeddable":true,"href":"https:\/\/radiowebmx.com\/nota\/wp-json\/wp\/v2\/categories?post=4003"},{"taxonomy":"post_tag","embeddable":true,"href":"https:\/\/radiowebmx.com\/nota\/wp-json\/wp\/v2\/tags?post=4003"}],"curies":[{"name":"wp","href":"https:\/\/api.w.org\/{rel}","templated":true}]}}