{"id":40026,"date":"2017-07-13T15:45:02","date_gmt":"2017-07-13T20:45:02","guid":{"rendered":"https:\/\/radiowebmx.com\/nota\/?p=40026"},"modified":"2017-07-14T10:31:04","modified_gmt":"2017-07-14T15:31:04","slug":"en-el-marco-del-dia-del-arbol-gobierno-municipal-alcanza-la-cifra-de-18-mil-arboles-reforestados","status":"publish","type":"post","link":"https:\/\/radiowebmx.com\/nota\/en-el-marco-del-dia-del-arbol-gobierno-municipal-alcanza-la-cifra-de-18-mil-arboles-reforestados\/","title":{"rendered":"En el marco del D\u00eda del \u00c1rbol, Gobierno Municipal alcanza la cifra de 18 mil \u00e1rboles reforestados"},"content":{"rendered":"<ul>\n<li><strong>El Alcalde, Alfonso Mart\u00ednez, encabez\u00f3 la jornada de reforestaci\u00f3n de 5 mil \u00e1rboles en la comunidad de Tiristar\u00e1n.<\/strong><\/li>\n<li><strong>El Secretario de Medio Ambiente del Estado dijo que ser\u00e1 cumplido el objetivo de reforestar 230 mil \u00e1rboles en Morelia durante el 2017.<\/strong><\/li>\n<\/ul>\n<p>&nbsp;<\/p>\n<div>Dieciocho mil \u00e1rboles reforestados en lo que va del 2017, es la cifra que ha alcanzado el Gobierno Municipal como parte de la campa\u00f1a emprendida por el Alcalde, Alfonso Mart\u00ednez Alc\u00e1zar, que tiene como finalidad plantar 230 mil \u00e1rboles al finalizar el a\u00f1o, en las \u00e1reas verdes de la zona urbana y alrededores de la capital michoacana.<\/p>\n<p>En el marco de la celebraci\u00f3n del D\u00eda del \u00c1rbol 2017, y acompa\u00f1ado por Ricardo Luna Garc\u00eda, Secretario de Urbanismo y Medio Ambiente en el Estado; Roberto P\u00e9rez Medrano, Director General de la Comisi\u00f3n Forestal del Estado; Osvaldo Fern\u00e1ndez Orozco, Gerente Estatal de la CONAFOR en Michoac\u00e1n; adem\u00e1s de autoridades Federales, Estatales, Municipales y Regidores del Honorable Cabildo de Morelia, Alfonso Mart\u00ednez Alc\u00e1zar se mostr\u00f3 complacido que en tan importante fecha, su Administraci\u00f3n haya alcanzado la cifra de 18 mil \u00e1rboles reforestados en el 2017, y estableci\u00f3 que es primordial que estos trabajos se lleven a cabo no solo en la zona urbana de la ciudad sino tambi\u00e9n en los alrededores.<br \/>\n<a href=\"https:\/\/radiowebmx.com\/nota\/wp-content\/uploads\/2017\/07\/b4b93147-a993-4689-8653-bda7eead1f71.jpeg\"><img loading=\"lazy\" decoding=\"async\" class=\"alignnone size-medium wp-image-40028\" src=\"https:\/\/radiowebmx.com\/nota\/wp-content\/uploads\/2017\/07\/b4b93147-a993-4689-8653-bda7eead1f71-595x627.jpeg\" alt=\"\" width=\"595\" height=\"627\" srcset=\"https:\/\/radiowebmx.com\/nota\/wp-content\/uploads\/2017\/07\/b4b93147-a993-4689-8653-bda7eead1f71-595x627.jpeg 595w, https:\/\/radiowebmx.com\/nota\/wp-content\/uploads\/2017\/07\/b4b93147-a993-4689-8653-bda7eead1f71.jpeg 709w\" sizes=\"auto, (max-width: 595px) 100vw, 595px\" \/><\/a><br \/>\n\u201cHoy completaremos 18 mil \u00e1rboles sembrados en nuestra ciudad, con los 5 mil que pondremos en esta ocasi\u00f3n, y esto lo hacemos porque estamos viendo con asombro las consecuencias del cambio clim\u00e1tico, vemos lluvias cada vez m\u00e1s at\u00edpicas y todo esto nos debe preocupar y ocupar\u201d\u00a0 dijo Mart\u00ednez Alc\u00e1zar, agregando que \u201ctenemos el compromiso de sembrar muchos \u00e1rboles, no solamente en la periferia de Morelia, sino tambi\u00e9n en el interior de la ciudad por eso en esta reforestaci\u00f3n estamos plantando \u00e1rboles m\u00e1s grandes que soporten la temporada de lluvias\u201d.<\/p>\n<p>Aprovech\u00f3 la ocasi\u00f3n para pedir a la ciudadan\u00eda su apoyo para no tirar basura en las calles, evitando as\u00ed inundaciones y afectaciones al medio ambiente y concluy\u00f3 su mensaje reconociendo los buenos frutos que ha dado la coordinaci\u00f3n con el Gobierno Federal y Estatal para establecer estas mejoras en el medio ambiente de la capital michoacana.<\/p>\n<p>Por su parte, Ricardo Luna Garc\u00eda, Secretario de Urbanismo y Medio Ambiente en el Estado, estim\u00f3 que sin duda se alcanzar\u00e1 la cifra de 230 mil \u00e1rboles reforestados en Morelia en el 2017 proyectada por el Jefe de la Comuna Moreliana, ya que se trata de un objetivo que ser\u00e1 apoyado por todos los frentes dedicados al cuidado del medio ambiente.<\/p>\n<p>Con estas acciones, contin\u00faa de manera firme la campa\u00f1a de reforestaci\u00f3n de Morelia en el 2017, en la cual semanalmente la Administraci\u00f3n Municipal establece trabajos de reforestaci\u00f3n en distintas \u00e1reas verdes de la ciudad.<\/p><\/div>\n","protected":false},"excerpt":{"rendered":"<p>El Alcalde, Alfonso Mart\u00ednez, encabez\u00f3 la jornada de reforestaci\u00f3n de 5 mil \u00e1rboles en la comunidad de Tiristar\u00e1n. El Secretario de Medio Ambiente del Estado dijo que ser\u00e1 cumplido el objetivo de reforestar 230 mil \u00e1rboles en Morelia durante el 2017. &nbsp; Dieciocho mil \u00e1rboles reforestados en lo que va del 2017, es la cifra [&hellip;]<\/p>\n","protected":false},"author":2,"featured_media":40027,"comment_status":"closed","ping_status":"closed","sticky":false,"template":"","format":"standard","meta":{"footnotes":""},"categories":[14,60,9],"tags":[],"class_list":["post-40026","post","type-post","status-publish","format-standard","has-post-thumbnail","hentry","category-destacadas","category-michoacan","category-morelia"],"_links":{"self":[{"href":"https:\/\/radiowebmx.com\/nota\/wp-json\/wp\/v2\/posts\/40026","targetHints":{"allow":["GET"]}}],"collection":[{"href":"https:\/\/radiowebmx.com\/nota\/wp-json\/wp\/v2\/posts"}],"about":[{"href":"https:\/\/radiowebmx.com\/nota\/wp-json\/wp\/v2\/types\/post"}],"author":[{"embeddable":true,"href":"https:\/\/radiowebmx.com\/nota\/wp-json\/wp\/v2\/users\/2"}],"replies":[{"embeddable":true,"href":"https:\/\/radiowebmx.com\/nota\/wp-json\/wp\/v2\/comments?post=40026"}],"version-history":[{"count":1,"href":"https:\/\/radiowebmx.com\/nota\/wp-json\/wp\/v2\/posts\/40026\/revisions"}],"predecessor-version":[{"id":40029,"href":"https:\/\/radiowebmx.com\/nota\/wp-json\/wp\/v2\/posts\/40026\/revisions\/40029"}],"wp:featuredmedia":[{"embeddable":true,"href":"https:\/\/radiowebmx.com\/nota\/wp-json\/wp\/v2\/media\/40027"}],"wp:attachment":[{"href":"https:\/\/radiowebmx.com\/nota\/wp-json\/wp\/v2\/media?parent=40026"}],"wp:term":[{"taxonomy":"category","embeddable":true,"href":"https:\/\/radiowebmx.com\/nota\/wp-json\/wp\/v2\/categories?post=40026"},{"taxonomy":"post_tag","embeddable":true,"href":"https:\/\/radiowebmx.com\/nota\/wp-json\/wp\/v2\/tags?post=40026"}],"curies":[{"name":"wp","href":"https:\/\/api.w.org\/{rel}","templated":true}]}}