{"id":39994,"date":"2017-07-13T12:41:57","date_gmt":"2017-07-13T17:41:57","guid":{"rendered":"https:\/\/radiowebmx.com\/nota\/?p=39994"},"modified":"2017-07-13T14:41:11","modified_gmt":"2017-07-13T19:41:11","slug":"a-partir-de-hoy-comienzan-a-liberarse-pagos-de-beca-futuro","status":"publish","type":"post","link":"https:\/\/radiowebmx.com\/nota\/a-partir-de-hoy-comienzan-a-liberarse-pagos-de-beca-futuro\/","title":{"rendered":"A partir de hoy comienzan a liberarse pagos de Beca Futuro"},"content":{"rendered":"<ul>\n<li>Durante este jueves las y los beneficiarios recibir\u00e1n en su tel\u00e9fono celular un mensaje de texto con los 12 d\u00edgitos con los que podr\u00e1n cobrar uno de los apoyos mensuales pendientes, anuncia la titular de la Secretar\u00eda de Desarrollo Social y Humano.<\/li>\n<\/ul>\n<p>&nbsp;<\/p>\n<ul>\n<li>Recorte a participaciones federales de los estados afecta acciones sustantivas, pero los estudiantes cobrar\u00e1n todos sus apoyos conforme vayan siendo liberados los recursos, puntualiza Miriam Tinoco Soto.<\/li>\n<\/ul>\n<p><strong>Morelia, Michoac\u00e1n, a 13 de julio de 2017.-\u00a0<\/strong>Durante este jueves, las y los beneficiarios de Beca Futuro que a\u00fan tienen pendiente su primer pago recibir\u00e1n en su tel\u00e9fono celular un mensaje de texto con los 12 d\u00edgitos con los que podr\u00e1n cobrar su apoyo.<\/p>\n<p>La titular de la Secretar\u00eda de Desarrollo Social y Humano, Miriam Tinoco Soto, explic\u00f3 que las y los beneficiarios recibir\u00e1n este mensaje en el n\u00famero de tel\u00e9fono celular que registraron, y record\u00f3 que la clave \u00fanica en esta ocasi\u00f3n es 1701.<\/p>\n<p>Detall\u00f3 que para cobrar el apoyo las y los beneficiarios tienen que acudir a un cajero Dinero M\u00f3vil Bancomer, ingresar primero los 12 d\u00edgitos que recibir\u00e1n en sus tel\u00e9fonos celulares, seguidos de la clave \u00fanica (1701) y, finalmente, retirar el monto correspondiente a su beca.<\/p>\n<p>De esta manera, puntualiz\u00f3 la funcionaria estatal, quedar\u00e1 cubierto el primer pago a todas y todos los beneficiarios de Beca Futuro.<\/p>\n<p>Se\u00f1al\u00f3 que las dificultades financieras que atraviesan los gobiernos federal y estatal han impactado en acciones sustantivas, como el pago puntual de Beca Futuro.<\/p>\n<p>Dicha dificultad financiera se agudiz\u00f3 con el recorte de 550 millones de pesos a las participaciones federales que la Secretar\u00eda de Hacienda y Cr\u00e9dito P\u00fablico aplic\u00f3 el mes pasado a nivel nacional como parte de un ajuste global del 30 por ciento del gasto p\u00fablico.<\/p>\n<p>Sin embargo, dej\u00f3 en claro que esto no ser\u00e1 motivo para que las y los beneficiarios de Beca Futuro reciban la totalidad de sus apoyos.<\/p>\n<p>\u201cSabemos que los apoyos que otorga el Gobierno del Estado a trav\u00e9s de este programa son un importante respaldo para la econom\u00eda de las familias, por lo que los pagos se realizar\u00e1n conforme vayan siendo liberados los recursos\u201d, apunt\u00f3.<\/p>\n<p>Por \u00faltimo, record\u00f3 que la administraci\u00f3n que encabeza el Gobernador Silvano Aureoles Conejo est\u00e1 haciendo lo pertinente para \u00a0amortiguar este tipo de impactos con medidas de ajuste, como el adelgazamiento de la estructura de la administraci\u00f3n p\u00fablica estatal, entre otras acciones.<\/p>\n","protected":false},"excerpt":{"rendered":"<p>Durante este jueves las y los beneficiarios recibir\u00e1n en su tel\u00e9fono celular un mensaje de texto con los 12 d\u00edgitos con los que podr\u00e1n cobrar uno de los apoyos mensuales pendientes, anuncia la titular de la Secretar\u00eda de Desarrollo Social y Humano. &nbsp; Recorte a participaciones federales de los estados afecta acciones sustantivas, pero los [&hellip;]<\/p>\n","protected":false},"author":2,"featured_media":39995,"comment_status":"closed","ping_status":"closed","sticky":false,"template":"","format":"standard","meta":{"footnotes":""},"categories":[14,3,60],"tags":[],"class_list":["post-39994","post","type-post","status-publish","format-standard","has-post-thumbnail","hentry","category-destacadas","category-gobierno-del-estado-de-michoacan","category-michoacan"],"_links":{"self":[{"href":"https:\/\/radiowebmx.com\/nota\/wp-json\/wp\/v2\/posts\/39994","targetHints":{"allow":["GET"]}}],"collection":[{"href":"https:\/\/radiowebmx.com\/nota\/wp-json\/wp\/v2\/posts"}],"about":[{"href":"https:\/\/radiowebmx.com\/nota\/wp-json\/wp\/v2\/types\/post"}],"author":[{"embeddable":true,"href":"https:\/\/radiowebmx.com\/nota\/wp-json\/wp\/v2\/users\/2"}],"replies":[{"embeddable":true,"href":"https:\/\/radiowebmx.com\/nota\/wp-json\/wp\/v2\/comments?post=39994"}],"version-history":[{"count":2,"href":"https:\/\/radiowebmx.com\/nota\/wp-json\/wp\/v2\/posts\/39994\/revisions"}],"predecessor-version":[{"id":39997,"href":"https:\/\/radiowebmx.com\/nota\/wp-json\/wp\/v2\/posts\/39994\/revisions\/39997"}],"wp:featuredmedia":[{"embeddable":true,"href":"https:\/\/radiowebmx.com\/nota\/wp-json\/wp\/v2\/media\/39995"}],"wp:attachment":[{"href":"https:\/\/radiowebmx.com\/nota\/wp-json\/wp\/v2\/media?parent=39994"}],"wp:term":[{"taxonomy":"category","embeddable":true,"href":"https:\/\/radiowebmx.com\/nota\/wp-json\/wp\/v2\/categories?post=39994"},{"taxonomy":"post_tag","embeddable":true,"href":"https:\/\/radiowebmx.com\/nota\/wp-json\/wp\/v2\/tags?post=39994"}],"curies":[{"name":"wp","href":"https:\/\/api.w.org\/{rel}","templated":true}]}}