{"id":39981,"date":"2017-07-13T13:57:31","date_gmt":"2017-07-13T18:57:31","guid":{"rendered":"https:\/\/radiowebmx.com\/nota\/?p=39981"},"modified":"2017-07-13T14:34:24","modified_gmt":"2017-07-13T19:34:24","slug":"inicia-iifeem-dignificacion-de-telesecundaria-en-quiroga","status":"publish","type":"post","link":"https:\/\/radiowebmx.com\/nota\/inicia-iifeem-dignificacion-de-telesecundaria-en-quiroga\/","title":{"rendered":"Inicia IIFEEM dignificaci\u00f3n de Telesecundaria en Quiroga"},"content":{"rendered":"<p><strong>Quiroga, Michoac\u00e1n, a 13 de julio de 2017.-<\/strong>\u00a0La directora general del Instituto de la Infraestructura F\u00edsica Educativa del Estado de Michoac\u00e1n (IIFEEM), Mar\u00eda Guadalupe D\u00edaz Chagolla, dio el banderazo de arranque de las obras de dignificaci\u00f3n de la Telesecundaria \u201cSor Juana In\u00e9s de la Cruz\u201d, ubicada en la localidad de Icuacato,\u00a0perteneciente a este municipio.<br \/>\n<a href=\"https:\/\/radiowebmx.com\/nota\/wp-content\/uploads\/2017\/07\/22b4384a-bc5d-4f7b-8508-9c8d825a0694.jpeg\"><img loading=\"lazy\" decoding=\"async\" class=\"alignnone size-medium wp-image-39983\" src=\"https:\/\/radiowebmx.com\/nota\/wp-content\/uploads\/2017\/07\/22b4384a-bc5d-4f7b-8508-9c8d825a0694-595x397.jpeg\" alt=\"\" width=\"595\" height=\"397\" srcset=\"https:\/\/radiowebmx.com\/nota\/wp-content\/uploads\/2017\/07\/22b4384a-bc5d-4f7b-8508-9c8d825a0694-595x397.jpeg 595w, https:\/\/radiowebmx.com\/nota\/wp-content\/uploads\/2017\/07\/22b4384a-bc5d-4f7b-8508-9c8d825a0694-272x182.jpeg 272w, https:\/\/radiowebmx.com\/nota\/wp-content\/uploads\/2017\/07\/22b4384a-bc5d-4f7b-8508-9c8d825a0694.jpeg 709w\" sizes=\"auto, (max-width: 595px) 100vw, 595px\" \/><\/a><br \/>\nAcompa\u00f1ada del\u00a0director general de la Comisi\u00f3n Estatal del Agua y Gesti\u00f3n de Cuencas, Germ\u00e1n Tena Fern\u00e1ndez, y del director de Obras P\u00fablicas de Quiroga, \u00c1lvaro Guzm\u00e1n Calvillo \u2013quien asisti\u00f3 con la representaci\u00f3n del alcalde Melchor Vargas Villica\u00f1a-, la funcionaria estatal detall\u00f3 que se llevar\u00e1 a cabo la construcci\u00f3n de un m\u00f3dulo de servicios sanitarios, cancha de usos m\u00faltiples, as\u00ed como la rehabilitaci\u00f3n general de la escuela.<\/p>\n<p>Tras refrendar el compromiso del Gobernador Silvano Aureoles Conejo con la educaci\u00f3n de calidad, precis\u00f3 que en este plantel se realizar\u00e1 una inversi\u00f3n de un mill\u00f3n 299 mil 843 pesos a trav\u00e9s del Fondo de Aportaciones M\u00faltiples.<\/p>\n<p>A la par, se realiz\u00f3 la ceremonia de egreso de la Generaci\u00f3n 2014-2017 de esta Telesecundaria, donde la directora general del IIFEEM felicit\u00f3 a los jovenes y los exhort\u00f3 a seguir estudiando.<\/p>\n<p>\u201cPor nuestra parte,\u00a0seguiremos trabajando para transformar la infraestructura educativa en la entidad, para que nuestros j\u00f3venes tengan espacios dignos y con ellos se motiven para continuar sus estudios\u201d, abund\u00f3.<\/p>\n","protected":false},"excerpt":{"rendered":"<p>Quiroga, Michoac\u00e1n, a 13 de julio de 2017.-\u00a0La directora general del Instituto de la Infraestructura F\u00edsica Educativa del Estado de Michoac\u00e1n (IIFEEM), Mar\u00eda Guadalupe D\u00edaz Chagolla, dio el banderazo de arranque de las obras de dignificaci\u00f3n de la Telesecundaria \u201cSor Juana In\u00e9s de la Cruz\u201d, ubicada en la localidad de Icuacato,\u00a0perteneciente a este municipio. Acompa\u00f1ada [&hellip;]<\/p>\n","protected":false},"author":2,"featured_media":39982,"comment_status":"closed","ping_status":"closed","sticky":false,"template":"","format":"standard","meta":{"footnotes":""},"categories":[14,3,60],"tags":[],"class_list":["post-39981","post","type-post","status-publish","format-standard","has-post-thumbnail","hentry","category-destacadas","category-gobierno-del-estado-de-michoacan","category-michoacan"],"_links":{"self":[{"href":"https:\/\/radiowebmx.com\/nota\/wp-json\/wp\/v2\/posts\/39981","targetHints":{"allow":["GET"]}}],"collection":[{"href":"https:\/\/radiowebmx.com\/nota\/wp-json\/wp\/v2\/posts"}],"about":[{"href":"https:\/\/radiowebmx.com\/nota\/wp-json\/wp\/v2\/types\/post"}],"author":[{"embeddable":true,"href":"https:\/\/radiowebmx.com\/nota\/wp-json\/wp\/v2\/users\/2"}],"replies":[{"embeddable":true,"href":"https:\/\/radiowebmx.com\/nota\/wp-json\/wp\/v2\/comments?post=39981"}],"version-history":[{"count":2,"href":"https:\/\/radiowebmx.com\/nota\/wp-json\/wp\/v2\/posts\/39981\/revisions"}],"predecessor-version":[{"id":39985,"href":"https:\/\/radiowebmx.com\/nota\/wp-json\/wp\/v2\/posts\/39981\/revisions\/39985"}],"wp:featuredmedia":[{"embeddable":true,"href":"https:\/\/radiowebmx.com\/nota\/wp-json\/wp\/v2\/media\/39982"}],"wp:attachment":[{"href":"https:\/\/radiowebmx.com\/nota\/wp-json\/wp\/v2\/media?parent=39981"}],"wp:term":[{"taxonomy":"category","embeddable":true,"href":"https:\/\/radiowebmx.com\/nota\/wp-json\/wp\/v2\/categories?post=39981"},{"taxonomy":"post_tag","embeddable":true,"href":"https:\/\/radiowebmx.com\/nota\/wp-json\/wp\/v2\/tags?post=39981"}],"curies":[{"name":"wp","href":"https:\/\/api.w.org\/{rel}","templated":true}]}}