{"id":3998,"date":"2013-09-25T11:39:11","date_gmt":"2013-09-25T16:39:11","guid":{"rendered":"https:\/\/radiowebmx.com\/nota\/?p=3998"},"modified":"2013-10-02T12:45:21","modified_gmt":"2013-10-02T17:45:21","slug":"instalan-centro-de-acopio-en-hospital-general-de-uruapan-dr-pedro-daniel-martinez","status":"publish","type":"post","link":"https:\/\/radiowebmx.com\/nota\/instalan-centro-de-acopio-en-hospital-general-de-uruapan-dr-pedro-daniel-martinez\/","title":{"rendered":"INSTALAN CENTRO DE ACOPIO EN HOSPITAL GENERAL DE URUAPAN \u201cDR. PEDRO DANIEL MART\u00cdNEZ\u201d"},"content":{"rendered":"<p><a href=\"https:\/\/radiowebmx.com\/nota\/wp-content\/uploads\/2013\/09\/SAM_1481.jpg\"><img loading=\"lazy\" decoding=\"async\" class=\"alignleft size-full wp-image-4000\" alt=\"SAM_1481\" src=\"https:\/\/radiowebmx.com\/nota\/wp-content\/uploads\/2013\/09\/SAM_1481.jpg\" width=\"591\" height=\"325\" \/><\/a>Productos de higiene personal, de limpieza, de curaci\u00f3n, as\u00ed como alimentos no perecederos y comida especial para menores de 0 a 3 a\u00f1os, se recolectan en el Centro de Acopio instalado en el Hospital General de Uruapan \u201cDoctor Pedro Daniel Mart\u00ednez\u201d, ubicado en la Unidad de Vigilancia Epidemiol\u00f3gica Hospitalaria (UVEH), para ayudar a las familias damnificadas por el paso de la tormenta tropical \u201cManuel\u201d en la entidad.<\/p>\n<p>&nbsp;<\/p>\n<p>Ser\u00e1 durante dos semanas que estar\u00e1 abierto el Centro de Acopio en el nosocomio, donde se espera la aportaci\u00f3n del personal m\u00e9dico, param\u00e9dico, enfermer\u00eda, administrativo, de intendencia y poblaci\u00f3n en general.<\/p>\n<p>&nbsp;<\/p>\n<p>El objetivo es que todos se sumen a las acciones solidarias en pro de los m\u00e1s desprotegidos, de aquellos que lo han perdido todo por los recientes fen\u00f3menos meteorol\u00f3gicos y que han causado graves da\u00f1os en varios municipios del estado como L\u00e1zaro C\u00e1rdenas, Tiquicheo, Aquila, Tepalcatepec, Huetamo, Arteaga, entre otros.<\/p>\n<p>&nbsp;<\/p>\n<p>El coordinador de Desastres del Hospital General de Uruapan, Carlos Ramos Esquivel,\u00a0 hizo extensiva la solicitud de ayuda a la poblaci\u00f3n para que apoyen a los michoacanos damnificados.<\/p>\n<p>&nbsp;<\/p>\n<p>De igual manera, invit\u00f3 a otros hospitales particulares para que se sumen a esta colecta, por lo que dijo, obtuvo una respuesta positiva y en breve enviar\u00e1n los productos recaudados.<\/p>\n<p>&nbsp;<\/p>\n<p>Todos los alimentos no perecederos, comida para beb\u00e9s, art\u00edculos de higiene personal, de limpieza, de curaci\u00f3n y de primeros auxilios, ser\u00e1n enviados directamente a los municipios y comunidades afectadas.<\/p>\n<p>&nbsp;<\/p>\n","protected":false},"excerpt":{"rendered":"<p>Productos de higiene personal, de limpieza, de curaci\u00f3n, as\u00ed como alimentos no perecederos y comida especial para menores de 0 a 3 a\u00f1os, se recolectan en el Centro de Acopio instalado en el Hospital General de Uruapan \u201cDoctor Pedro Daniel Mart\u00ednez\u201d<\/p>\n","protected":false},"author":1,"featured_media":0,"comment_status":"open","ping_status":"open","sticky":false,"template":"","format":"standard","meta":{"footnotes":""},"categories":[14,3],"tags":[],"class_list":["post-3998","post","type-post","status-publish","format-standard","hentry","category-destacadas","category-gobierno-del-estado-de-michoacan"],"_links":{"self":[{"href":"https:\/\/radiowebmx.com\/nota\/wp-json\/wp\/v2\/posts\/3998","targetHints":{"allow":["GET"]}}],"collection":[{"href":"https:\/\/radiowebmx.com\/nota\/wp-json\/wp\/v2\/posts"}],"about":[{"href":"https:\/\/radiowebmx.com\/nota\/wp-json\/wp\/v2\/types\/post"}],"author":[{"embeddable":true,"href":"https:\/\/radiowebmx.com\/nota\/wp-json\/wp\/v2\/users\/1"}],"replies":[{"embeddable":true,"href":"https:\/\/radiowebmx.com\/nota\/wp-json\/wp\/v2\/comments?post=3998"}],"version-history":[{"count":4,"href":"https:\/\/radiowebmx.com\/nota\/wp-json\/wp\/v2\/posts\/3998\/revisions"}],"predecessor-version":[{"id":4002,"href":"https:\/\/radiowebmx.com\/nota\/wp-json\/wp\/v2\/posts\/3998\/revisions\/4002"}],"wp:attachment":[{"href":"https:\/\/radiowebmx.com\/nota\/wp-json\/wp\/v2\/media?parent=3998"}],"wp:term":[{"taxonomy":"category","embeddable":true,"href":"https:\/\/radiowebmx.com\/nota\/wp-json\/wp\/v2\/categories?post=3998"},{"taxonomy":"post_tag","embeddable":true,"href":"https:\/\/radiowebmx.com\/nota\/wp-json\/wp\/v2\/tags?post=3998"}],"curies":[{"name":"wp","href":"https:\/\/api.w.org\/{rel}","templated":true}]}}