{"id":39971,"date":"2017-07-12T18:23:20","date_gmt":"2017-07-12T23:23:20","guid":{"rendered":"https:\/\/radiowebmx.com\/nota\/?p=39971"},"modified":"2017-07-13T13:14:24","modified_gmt":"2017-07-13T18:14:24","slug":"con-sistema-anticorrupcion-se-aplicara-la-ley-a-corruptos-sigala","status":"publish","type":"post","link":"https:\/\/radiowebmx.com\/nota\/con-sistema-anticorrupcion-se-aplicara-la-ley-a-corruptos-sigala\/","title":{"rendered":"Con Sistema Anticorrupci\u00f3n se aplicar\u00e1 la ley a corruptos: Sigala"},"content":{"rendered":"<p class=\"x_MsoNormal\"><i><span lang=\"ES\">Reconoci\u00f3 el trabajo de las y los diputados que integraron el \u201cGrupo Plural\u201d<\/span><\/i><i><\/i><\/p>\n<p class=\"x_MsoNormal\"><span lang=\"ES\">\u00a0<\/span><b>Morelia; Michoac\u00e1n, 12 de julio de 2017.-<\/b>\u00a0<span lang=\"ES\">La aprobaci\u00f3n<\/span>\u00a0del<span lang=\"ES\">\u00a0entramado jur\u00eddico \u00a0que \u00a0integra el Sistema Estatal Anticorrupci\u00f3n es un \u00a0paso fundamental para la entidad con el prop\u00f3sito de responder a la demanda de la sociedad que se encuentra cansada y lastimada por el flagelo de la corrupci\u00f3n en todos los \u00e1mbitos de la vida p\u00fablica, manifest\u00f3 Pascual Sigala, presidente dela Mesa Directiva del Congreso del Estado.<\/span><\/p>\n<p class=\"x_MsoNormal\">\n<p class=\"x_MsoNormal\"><span lang=\"ES\">\u00a0El legislador manifest\u00f3 que la corrupci\u00f3n es un factor que opaca el crecimiento del estado, altera el Estado de Derecho, trastoca la paz social, debilita las instituciones, repercute en el crecimiento econ\u00f3mico y, abona a la ingobernabilidad y desconfianza social; por ello; la adecuaci\u00f3n al marco normativo era indispensable.<\/span><\/p>\n<p class=\"x_MsoNormal\">\n<p class=\"x_MsoNormal\"><span lang=\"ES\">Expres\u00f3 que ya es tiempo de revertir la mala percepci\u00f3n social hacia la clase pol\u00edtica, y acabar con la resistencia de algunos funcionarios de rendir cuentas; la sociedad civil en su conjunto pide que no se repitan m\u00e1s historias de desfalcos financieros sin responsables.<\/span><\/p>\n<p class=\"x_MsoNormal\">\n<p class=\"x_MsoNormal\"><span lang=\"ES\">Hoy m\u00e1s que nunca, dijo, es momento de decir fuerte y claro, que nadie por su condici\u00f3n de servidor p\u00fablico puede estar al margen de la ley, ni lejos de la acci\u00f3n de la justicia.<\/span><\/p>\n<p class=\"x_MsoNormal\"><span lang=\"ES\">Las leyes y reformas que conforman el Sistema Estatal Anticorrupci\u00f3n (SAE) fortalecen a las instituciones encargadas de vigilar y fiscalizar el buen\u00a0 uso de los recursos y obliga a los servidores p\u00fablicos a rendir de cuentas.<\/span><\/p>\n<p class=\"x_MsoNormal\">\n<p class=\"x_MsoNormal\"><span lang=\"ES\">Se cre\u00f3 la Ley del Sistema Estatal Anticorrupci\u00f3n, se reformaron la ley de Responsabilidades de los Servidores P\u00fablicos al Servicio del Estado y sus Municipios; el c\u00f3digo Penal del Estado;\u00a0 la Ley Org\u00e1nica de la Procuradur\u00eda de Justicia; la ley de Fiscalizaci\u00f3n, la Ley Org\u00e1nica de la Administraci\u00f3n P\u00fablica; se reform\u00f3 e hicieron adiciones al c\u00f3digo de Justicia Administrativa.<\/span><\/p>\n<p class=\"x_MsoNormal\">\n<p class=\"x_MsoNormal\"><span lang=\"ES\">Explic\u00f3 que para lograr \u00e9xito en \u00a0los resultados buscados se requiere de la coordinaci\u00f3n efectiva entre los\u00a0 pilares del sistema: El Comit\u00e9 Ciudadano, la Secretar\u00eda Ejecutiva, la Fiscal\u00eda Especializada en Materia de Delitos relacionados con Hechos de Corrupci\u00f3n, la Auditor\u00eda Superior de Michoac\u00e1n, La Secretaria de Contralor\u00eda y el Tribunal de Justicia Administrativa, todos ellos de la mano lograr\u00e1n que los delitos y las faltas sean sancionadas con oportunidad y rigor. Pero tambi\u00e9n se requiere del esfuerzo de la ciudadan\u00eda, quien tiene un peso central en el SEA.<\/span><\/p>\n<p class=\"x_MsoNormal\">\n<p class=\"x_MsoNormal\"><span lang=\"ES\">Aplaudi\u00f3 las coincidencias que tuvieron los integrantes de la LXXIII Legislatura para la \u00a0aprobaci\u00f3n del SEA. Tambi\u00e9n reconoci\u00f3 el trabajo de las y los diputados que integraron el \u201cGrupo Plural\u201d, conformado por las comisiones de: Gobernaci\u00f3n, Justicia, Inspectora de la Auditoria Superior, Jurisdiccional y Puntos Constitucionales, a los asesores y secretarios t\u00e9cnicos,\u00a0 quienes se encargaron del an\u00e1lisis, elaboraci\u00f3n y formulaci\u00f3n de este trabajo legislativo.<\/span><\/p>\n<p class=\"x_MsoNormal\">\n","protected":false},"excerpt":{"rendered":"<p>Reconoci\u00f3 el trabajo de las y los diputados que integraron el \u201cGrupo Plural\u201d \u00a0Morelia; Michoac\u00e1n, 12 de julio de 2017.-\u00a0La aprobaci\u00f3n\u00a0del\u00a0entramado jur\u00eddico \u00a0que \u00a0integra el Sistema Estatal Anticorrupci\u00f3n es un \u00a0paso fundamental para la entidad con el prop\u00f3sito de responder a la demanda de la sociedad que se encuentra cansada y lastimada por el flagelo [&hellip;]<\/p>\n","protected":false},"author":2,"featured_media":39972,"comment_status":"closed","ping_status":"closed","sticky":false,"template":"","format":"standard","meta":{"footnotes":""},"categories":[6,14,19],"tags":[],"class_list":["post-39971","post","type-post","status-publish","format-standard","has-post-thumbnail","hentry","category-congreso-del-estado","category-destacadas","category-grupo-parlamentario-del-prd"],"_links":{"self":[{"href":"https:\/\/radiowebmx.com\/nota\/wp-json\/wp\/v2\/posts\/39971","targetHints":{"allow":["GET"]}}],"collection":[{"href":"https:\/\/radiowebmx.com\/nota\/wp-json\/wp\/v2\/posts"}],"about":[{"href":"https:\/\/radiowebmx.com\/nota\/wp-json\/wp\/v2\/types\/post"}],"author":[{"embeddable":true,"href":"https:\/\/radiowebmx.com\/nota\/wp-json\/wp\/v2\/users\/2"}],"replies":[{"embeddable":true,"href":"https:\/\/radiowebmx.com\/nota\/wp-json\/wp\/v2\/comments?post=39971"}],"version-history":[{"count":1,"href":"https:\/\/radiowebmx.com\/nota\/wp-json\/wp\/v2\/posts\/39971\/revisions"}],"predecessor-version":[{"id":39973,"href":"https:\/\/radiowebmx.com\/nota\/wp-json\/wp\/v2\/posts\/39971\/revisions\/39973"}],"wp:featuredmedia":[{"embeddable":true,"href":"https:\/\/radiowebmx.com\/nota\/wp-json\/wp\/v2\/media\/39972"}],"wp:attachment":[{"href":"https:\/\/radiowebmx.com\/nota\/wp-json\/wp\/v2\/media?parent=39971"}],"wp:term":[{"taxonomy":"category","embeddable":true,"href":"https:\/\/radiowebmx.com\/nota\/wp-json\/wp\/v2\/categories?post=39971"},{"taxonomy":"post_tag","embeddable":true,"href":"https:\/\/radiowebmx.com\/nota\/wp-json\/wp\/v2\/tags?post=39971"}],"curies":[{"name":"wp","href":"https:\/\/api.w.org\/{rel}","templated":true}]}}