{"id":39961,"date":"2017-07-12T15:58:51","date_gmt":"2017-07-12T20:58:51","guid":{"rendered":"https:\/\/radiowebmx.com\/nota\/?p=39961"},"modified":"2017-07-13T13:01:08","modified_gmt":"2017-07-13T18:01:08","slug":"reforman-diputados-codigo-de-justicia-administrativa-para-fortalecer-lucha-anticorrupcion","status":"publish","type":"post","link":"https:\/\/radiowebmx.com\/nota\/reforman-diputados-codigo-de-justicia-administrativa-para-fortalecer-lucha-anticorrupcion\/","title":{"rendered":"Reforman diputados C\u00f3digo de Justicia Administrativa para fortalecer lucha anticorrupci\u00f3n"},"content":{"rendered":"<p class=\"x_gmail-MsoListParagraphCxSpFirst\">\u00a0El TJA contar\u00e1 con dos magistrados especializados<\/p>\n<p class=\"x_gmail-MsoListParagraphCxSpLast\">\u00b7\u00a0\u00a0\u00a0\u00a0\u00a0\u00a0\u00a0\u00a0\u00a0Se incorporan los Juicios en L\u00ednea<\/p>\n<p class=\"x_MsoNormal\"><b>Morelia; Michoac\u00e1n, 12 de julio de 2017<\/b>.-\u00a0Como parte de las reformas necesarias para establecer el marco normativo que garantice el adecuado funcionamiento del Sistema Estatal Anticorrupci\u00f3n, el Congreso local aprob\u00f3 reformas y adiciones al C\u00f3digo de Justicia Administrativa.<\/p>\n<p class=\"x_MsoNormal\">Las reformas aprobadas permitir\u00e1n regular los actos u omisiones de naturaleza administrativa y fiscal entre los particulares y las dependencias del estado, as\u00ed como garantizar a trav\u00e9s de procesos claros y bien definidos, el acceso a la justicia administrativa en Michoac\u00e1n.<\/p>\n<p class=\"x_MsoNormal\">Con ese prop\u00f3sito se fortalecen las funciones del Tribunal de Justicia Administrativa encargado de juzgar los actos de corrupci\u00f3n, que se integrar\u00e1 con cinco magistrados, los cuales funcionaran de manera unitaria, tres conocer\u00e1n de responsabilidades administrativas ordinarias y se nombrar\u00e1n dos magistrados especializados que conocer\u00e1n de responsabilidades administrativas por faltas graves de los servidores p\u00fablicos y de particulares vinculados con faltas graves.<\/p>\n<p class=\"x_MsoNormal\">Los dos magistrados especializados ser\u00e1n designados por el Congreso, mediante convocatoria p\u00fablica que emitir\u00e1n las Comisiones de Justicia y de Gobernaci\u00f3n.<\/p>\n<p class=\"x_MsoNormal\">Asimismo, se incorpora la figura del Juicio en L\u00ednea, trat\u00e1ndose de una sustanciaci\u00f3n y resoluci\u00f3n del juicio administrativo en todas sus etapas, as\u00ed como de los procedimientos previstos en la norma a trav\u00e9s del Sistema Inform\u00e1tico del Tribunal; en cumplimiento de la Ley General de Transparencia y Acceso a la Informaci\u00f3n P\u00fablica, que establece el uso de tecnolog\u00edas de la informaci\u00f3n para garantizar la transparencia, el derecho de acceso a la informaci\u00f3n y a la justicia.<\/p>\n<p class=\"x_MsoNormal\">El dictamen con proyecto de decreto fue elaborado por las Comisiones Unidas de Gobernaci\u00f3n, Justicia, Inspectora de la Auditor\u00eda Superior de Michoac\u00e1n, Jurisdiccional y de Puntos Constitucionales, integradas por los diputados Mario Armando Mendoza, \u00c1ngel Cedillo, Yarab\u00ed \u00c1vila, Mary Carmen Bernal, Rosa Mar\u00eda de la Torre, Andrea Villanueva, Nalleli Pedraza, Belinda Iturbide, X\u00f3chitl Ru\u00edz, Macarena Ch\u00e1vez, Pascual Sigala, Manuel L\u00f3pez, Ernesto N\u00fa\u00f1ez, Carlos Quintana, Juan Pablo Puebla, Miguel \u00c1ngel Villegas, Daniel Moncada y Wilfrido L\u00e1zaro, quienes conformaron el Grupo de Trabajo Plural encargado del estudio, elaboraci\u00f3n y formulaci\u00f3n del proceso legislativo para la instauraci\u00f3n del Sistema Estatal Anticorrupci\u00f3n.<\/p>\n<p class=\"x_MsoNormal\">Con ese prop\u00f3sito analizaron las iniciativas presentadas por los diputados Mario Armando Mendoza, Yarab\u00ed \u00c1vila y X\u00f3chitl Ru\u00edz; por los diputados integrantes del Grupo Parlamentario del Partido Revolucionario Institucional;\u00a0por el diputado Ernesto N\u00fa\u00f1ez, y por la diputada Macarena Ch\u00e1vez, acoplando lo mejor de cada una de ellas para armonizar la norma y concretar el marco legal de combate a la corrupci\u00f3n.<\/p>\n","protected":false},"excerpt":{"rendered":"<p>\u00a0El TJA contar\u00e1 con dos magistrados especializados \u00b7\u00a0\u00a0\u00a0\u00a0\u00a0\u00a0\u00a0\u00a0\u00a0Se incorporan los Juicios en L\u00ednea Morelia; Michoac\u00e1n, 12 de julio de 2017.-\u00a0Como parte de las reformas necesarias para establecer el marco normativo que garantice el adecuado funcionamiento del Sistema Estatal Anticorrupci\u00f3n, el Congreso local aprob\u00f3 reformas y adiciones al C\u00f3digo de Justicia Administrativa. Las reformas aprobadas permitir\u00e1n [&hellip;]<\/p>\n","protected":false},"author":2,"featured_media":39962,"comment_status":"closed","ping_status":"closed","sticky":false,"template":"","format":"standard","meta":{"footnotes":""},"categories":[6,14],"tags":[],"class_list":["post-39961","post","type-post","status-publish","format-standard","has-post-thumbnail","hentry","category-congreso-del-estado","category-destacadas"],"_links":{"self":[{"href":"https:\/\/radiowebmx.com\/nota\/wp-json\/wp\/v2\/posts\/39961","targetHints":{"allow":["GET"]}}],"collection":[{"href":"https:\/\/radiowebmx.com\/nota\/wp-json\/wp\/v2\/posts"}],"about":[{"href":"https:\/\/radiowebmx.com\/nota\/wp-json\/wp\/v2\/types\/post"}],"author":[{"embeddable":true,"href":"https:\/\/radiowebmx.com\/nota\/wp-json\/wp\/v2\/users\/2"}],"replies":[{"embeddable":true,"href":"https:\/\/radiowebmx.com\/nota\/wp-json\/wp\/v2\/comments?post=39961"}],"version-history":[{"count":1,"href":"https:\/\/radiowebmx.com\/nota\/wp-json\/wp\/v2\/posts\/39961\/revisions"}],"predecessor-version":[{"id":39963,"href":"https:\/\/radiowebmx.com\/nota\/wp-json\/wp\/v2\/posts\/39961\/revisions\/39963"}],"wp:featuredmedia":[{"embeddable":true,"href":"https:\/\/radiowebmx.com\/nota\/wp-json\/wp\/v2\/media\/39962"}],"wp:attachment":[{"href":"https:\/\/radiowebmx.com\/nota\/wp-json\/wp\/v2\/media?parent=39961"}],"wp:term":[{"taxonomy":"category","embeddable":true,"href":"https:\/\/radiowebmx.com\/nota\/wp-json\/wp\/v2\/categories?post=39961"},{"taxonomy":"post_tag","embeddable":true,"href":"https:\/\/radiowebmx.com\/nota\/wp-json\/wp\/v2\/tags?post=39961"}],"curies":[{"name":"wp","href":"https:\/\/api.w.org\/{rel}","templated":true}]}}