{"id":39958,"date":"2017-07-12T14:49:11","date_gmt":"2017-07-12T19:49:11","guid":{"rendered":"https:\/\/radiowebmx.com\/nota\/?p=39958"},"modified":"2017-07-13T12:56:07","modified_gmt":"2017-07-13T17:56:07","slug":"fortalece-congreso-fiscalizacion-para-combate-a-corrupcion","status":"publish","type":"post","link":"https:\/\/radiowebmx.com\/nota\/fortalece-congreso-fiscalizacion-para-combate-a-corrupcion\/","title":{"rendered":"Fortalece Congreso fiscalizaci\u00f3n para combate a corrupci\u00f3n"},"content":{"rendered":"<p class=\"x_gmail-MsoNoSpacing\">\u00a0<i>Aprueban reformas a la Ley de Fiscalizaci\u00f3n del Estado<\/i><\/p>\n<p class=\"x_gmail-MsoNoSpacing\" align=\"center\"><b>\u00a0<\/b><\/p>\n<p class=\"x_gmail-MsoNoSpacing\"><b>Morelia; Michoac\u00e1n, 12 de julio de 2017.- \u00a0<\/b>Con el objetivo de garantizar la plena transparencia, rendici\u00f3n de cuentas y poner un freno a los actos corruptos, el Congreso del Estado aprob\u00f3 reformar la Ley de Fiscalizaci\u00f3n del Estado, fortaleciendo el marco jur\u00eddico al dotar de mayores herramientas legales al \u00f3rgano fiscalizador, esto como parte del segundo paquete de leyes necesarias para la implementaci\u00f3n del Sistema Estatal Anticorrupci\u00f3n.<\/p>\n<p class=\"x_gmail-MsoNoSpacing\">El dictamen presentado por el Grupo Plural de Trabajo integrado por las comisiones de Gobernaci\u00f3n, Inspectora de la Auditoria Superior de Michoac\u00e1n, Justicia, Jurisdiccional y Puntos Constitucionales, destaca la definici\u00f3n de las diferentes tipos de auditor\u00edas, tal es el caso de la auditor\u00eda forense, se encargar\u00e1 de la revisi\u00f3n rigurosa, pormenorizada, objetiva y cr\u00edtica de los procesos, hechos y evidencias derivados de la fiscalizaci\u00f3n; la de inversiones f\u00edsicas, la que se encargar\u00e1 de revisar los procesos de adquisici\u00f3n y desarrollo de obras p\u00fablicas; as\u00ed como la auditor\u00eda de desempe\u00f1o con la se fiscalizar\u00e1 que el Gobierno cumpla con las metas y objetivos establecidos al inicio de su administraci\u00f3n.<\/p>\n<p class=\"x_gmail-MsoNoSpacing\">Se crea la Unidad de Atenci\u00f3n y Evaluaci\u00f3n de la Comisi\u00f3n, dicho \u00f3rgano ser\u00e1 el instrumento por el cual la Comisi\u00f3n Inspectora, cumplir\u00e1 su funci\u00f3n de vigilar el buen desempe\u00f1o de la ASM, \u00a0se encargar\u00e1 de recibir denuncias de faltas administrativas derivadas del incumplimiento de las obligaciones por parte del titular de la ASM, auditores especiales y dem\u00e1s servidores p\u00fablicos de la Auditor\u00eda Superior, iniciar investigaciones y, en el caso de faltas administrativas no graves, imponer las sanciones que correspondan, en los t\u00e9rminos de la Ley de Responsabilidades. Su titular ser\u00e1 electo por el Poder Legislativo y durar\u00e1 en el cargo cuatro a\u00f1os.<\/p>\n<p class=\"x_gmail-MsoNoSpacing\">Asimismo, se estableci\u00f3 que la Auditor\u00eda Superior podr\u00e1 revisar los procesos de contrataci\u00f3n, adjudicaci\u00f3n, enajenaci\u00f3n en la ejecuci\u00f3n del presupuesto de las entidades, siempre que sea recurso p\u00fablico, para garantizar que los precios contratados y establecidos, hayan cumplido con las disposiciones legales. Entidades que deber\u00e1n acompa\u00f1ar a la informaci\u00f3n que soporte la solicitud.<\/p>\n<p class=\"x_gmail-MsoNoSpacing\">Con la finalidad de fortalecer al \u00f3rgano fiscalizador se estableci\u00f3 que para la elecci\u00f3n de su titular, se elegir\u00e1 el mejor perfil, quien deber\u00e1 realizar un examen de conocimientos cuyos reactivos de evaluaci\u00f3n ser\u00e1n creados por instituciones educativas de educaci\u00f3n superior, colegios de profesionistas y organizaciones de la sociedad civil, obligando a que los resultados sean p\u00fablicos, adem\u00e1s cumplir con el requisito de no hacer no haber sido Secretario de Estado, Fiscal o Procurador; Senador, Diputado Federal o Local; Titular del Ejecutivo de alguna entidad federativa; titular o en su caso comisionado de alg\u00fan \u00f3rgano constitucionalmente aut\u00f3nomo, durante el a\u00f1o previo al d\u00eda de su nombramiento.<\/p>\n<p class=\"x_gmail-MsoNoSpacing\">Para dar mayor transparencia y certeza al Plan Anual de Fiscalizaci\u00f3n, se insertaron fechas calendario concretas en que la ASM deber\u00e1 entregar el proyecto al Congreso a trav\u00e9s de la Comisi\u00f3n Inspectora para su aprobaci\u00f3n. Adem\u00e1s se introdujeron cuatro informes nuevos que deber\u00e1 realizar el \u00f3rgano, informe individual; especifico; de Avance de Gesti\u00f3n Financiera y el General.<\/p>\n<p class=\"x_gmail-MsoNoSpacing\">Cabe destacar que los diputados Andrea Villanueva, Mary Carmen Bernal y Roberto Carlos L\u00f3pez razonaron el voto a favor del dictamen, coincidiendo que esta modificaci\u00f3n brindar\u00e1 certeza a la ciudadan\u00eda que las fiscalizaciones se realizar\u00e1n de manera m\u00e1s exhaustiva, efectiva y oportuna, poniendo un freno a la corrupci\u00f3n y evitando con ello los malos manejos de los recursos p\u00fablicos y se mejora la transparencia en la aplicaci\u00f3n del patrimonio de los michoacanos.<\/p>\n<p class=\"x_gmail-MsoNoSpacing\">\n","protected":false},"excerpt":{"rendered":"<p>\u00a0Aprueban reformas a la Ley de Fiscalizaci\u00f3n del Estado \u00a0 Morelia; Michoac\u00e1n, 12 de julio de 2017.- \u00a0Con el objetivo de garantizar la plena transparencia, rendici\u00f3n de cuentas y poner un freno a los actos corruptos, el Congreso del Estado aprob\u00f3 reformar la Ley de Fiscalizaci\u00f3n del Estado, fortaleciendo el marco jur\u00eddico al dotar de [&hellip;]<\/p>\n","protected":false},"author":2,"featured_media":39959,"comment_status":"closed","ping_status":"closed","sticky":false,"template":"","format":"standard","meta":{"footnotes":""},"categories":[6,14],"tags":[],"class_list":["post-39958","post","type-post","status-publish","format-standard","has-post-thumbnail","hentry","category-congreso-del-estado","category-destacadas"],"_links":{"self":[{"href":"https:\/\/radiowebmx.com\/nota\/wp-json\/wp\/v2\/posts\/39958","targetHints":{"allow":["GET"]}}],"collection":[{"href":"https:\/\/radiowebmx.com\/nota\/wp-json\/wp\/v2\/posts"}],"about":[{"href":"https:\/\/radiowebmx.com\/nota\/wp-json\/wp\/v2\/types\/post"}],"author":[{"embeddable":true,"href":"https:\/\/radiowebmx.com\/nota\/wp-json\/wp\/v2\/users\/2"}],"replies":[{"embeddable":true,"href":"https:\/\/radiowebmx.com\/nota\/wp-json\/wp\/v2\/comments?post=39958"}],"version-history":[{"count":1,"href":"https:\/\/radiowebmx.com\/nota\/wp-json\/wp\/v2\/posts\/39958\/revisions"}],"predecessor-version":[{"id":39960,"href":"https:\/\/radiowebmx.com\/nota\/wp-json\/wp\/v2\/posts\/39958\/revisions\/39960"}],"wp:featuredmedia":[{"embeddable":true,"href":"https:\/\/radiowebmx.com\/nota\/wp-json\/wp\/v2\/media\/39959"}],"wp:attachment":[{"href":"https:\/\/radiowebmx.com\/nota\/wp-json\/wp\/v2\/media?parent=39958"}],"wp:term":[{"taxonomy":"category","embeddable":true,"href":"https:\/\/radiowebmx.com\/nota\/wp-json\/wp\/v2\/categories?post=39958"},{"taxonomy":"post_tag","embeddable":true,"href":"https:\/\/radiowebmx.com\/nota\/wp-json\/wp\/v2\/tags?post=39958"}],"curies":[{"name":"wp","href":"https:\/\/api.w.org\/{rel}","templated":true}]}}