{"id":39952,"date":"2017-07-12T15:33:36","date_gmt":"2017-07-12T20:33:36","guid":{"rendered":"https:\/\/radiowebmx.com\/nota\/?p=39952"},"modified":"2017-07-13T11:44:09","modified_gmt":"2017-07-13T16:44:09","slug":"presidente-en-tu-colonia-programa-que-promueve-el-desarrollo-de-morelia","status":"publish","type":"post","link":"https:\/\/radiowebmx.com\/nota\/presidente-en-tu-colonia-programa-que-promueve-el-desarrollo-de-morelia\/","title":{"rendered":"\u201cPresidente en tu Colonia\u201d, programa que promueve el desarrollo de Morelia"},"content":{"rendered":"<ul>\n<li>El Presidente Municipal encabezar\u00e1 este viernes 14 de julio la edici\u00f3n n\u00famero 32 del programa \u201cPresidente en tu Colonia\u201d, en la Solidaridad<\/li>\n<\/ul>\n<p>&nbsp;<\/p>\n<div>Morelia, Mich., a 12 de Julio de 2017<br \/>\nBOLET\u00cdN 1139\/2017<\/div>\n<p>&nbsp;<\/p>\n<div>La edici\u00f3n n\u00famero 32 del exitoso programa \u201cPresidente en tu Colonia\u201d, se llevar\u00e1 a cabo este viernes 14 de julio en la Colonia Solidaridad, lugar en donde el Jefe de la Comuna Moreliana, Alfonso Mart\u00ednez Alc\u00e1zar, acercar\u00e1 servicios y atenci\u00f3n inmediata a los habitantes del lugar y de zonas aleda\u00f1as.<\/p>\n<p>Por esta raz\u00f3n, desde este mi\u00e9rcoles, funcionarios municipales encabezados por Israel Zamudio representante de la Secretar\u00eda de Efectividad e Innovaci\u00f3n Gubernamental y Marcela Mu\u00f1oz, Directora del Centro de Atenci\u00f3n a V\u00edctimas, se presentaron en la mencionada colonia para recoger de parte de los vecinos y del encargado del orden, Alberto Reyes Suarez, un listado de las principales peticiones y necesidades de los colonos, con el fin de establecer una agenda de actividades a realizar tanto el d\u00eda de la jornada como posteriormente.<\/p>\n<p>As\u00ed mismo a partir de este mi\u00e9rcoles, comenzaron en la Colonia los trabajos de poda de \u00e1rboles y balizamiento, adem\u00e1s de un rond\u00edn por la misma por parte de los elementos de la Polic\u00eda de Morelia, para estudiar de manera detenida la situaci\u00f3n de seguridad que prevalece en la zona.<\/p>\n<p>Entre las novedades que se incluir\u00e1n en esta edici\u00f3n del programa \u201cPresidente en tu Colonia\u201d, se encuentran el Torneo de Futbol, que organizara el IMCUFIDE el d\u00eda de la jornada, una mega clase de zumba, una conferencia acerca del tema de prevenci\u00f3n del delito, as\u00ed como espect\u00e1culos de Lucha Libre y Boxeo.<\/p>\n<p>Adem\u00e1s como ya es costumbre a trav\u00e9s del Sistema DIF Morelia, se ofrecer\u00e1n servicios como Mastograf\u00edas, atenci\u00f3n Psicol\u00f3gica, Dental y Jur\u00eddica, aunados a la entrega de anteojos y sillas de ruedas a vecinos que realizaron la petici\u00f3n de estos aparatos.<\/p>\n<p>El programa \u201cPresidente en tu Colonia\u201d en la Solidaridad se llevar\u00e1 a cabo este viernes 14, con atenci\u00f3n a la ciudadan\u00eda desde las 12 pm, y la llegada del Alcalde, Alfonso Mart\u00ednez a partir de las 17:00 horas, en una jornada que beneficiar\u00e1, adem\u00e1s, a los habitantes de las Colonias Ampliaci\u00f3n Solidaridad, el Realito y Jos\u00e9 Campo de Mata.<\/p><\/div>\n","protected":false},"excerpt":{"rendered":"<p>El Presidente Municipal encabezar\u00e1 este viernes 14 de julio la edici\u00f3n n\u00famero 32 del programa \u201cPresidente en tu Colonia\u201d, en la Solidaridad &nbsp; Morelia, Mich., a 12 de Julio de 2017 BOLET\u00cdN 1139\/2017 &nbsp; La edici\u00f3n n\u00famero 32 del exitoso programa \u201cPresidente en tu Colonia\u201d, se llevar\u00e1 a cabo este viernes 14 de julio en [&hellip;]<\/p>\n","protected":false},"author":2,"featured_media":39954,"comment_status":"closed","ping_status":"closed","sticky":false,"template":"","format":"standard","meta":{"footnotes":""},"categories":[14,60,9],"tags":[],"class_list":["post-39952","post","type-post","status-publish","format-standard","has-post-thumbnail","hentry","category-destacadas","category-michoacan","category-morelia"],"_links":{"self":[{"href":"https:\/\/radiowebmx.com\/nota\/wp-json\/wp\/v2\/posts\/39952","targetHints":{"allow":["GET"]}}],"collection":[{"href":"https:\/\/radiowebmx.com\/nota\/wp-json\/wp\/v2\/posts"}],"about":[{"href":"https:\/\/radiowebmx.com\/nota\/wp-json\/wp\/v2\/types\/post"}],"author":[{"embeddable":true,"href":"https:\/\/radiowebmx.com\/nota\/wp-json\/wp\/v2\/users\/2"}],"replies":[{"embeddable":true,"href":"https:\/\/radiowebmx.com\/nota\/wp-json\/wp\/v2\/comments?post=39952"}],"version-history":[{"count":1,"href":"https:\/\/radiowebmx.com\/nota\/wp-json\/wp\/v2\/posts\/39952\/revisions"}],"predecessor-version":[{"id":39955,"href":"https:\/\/radiowebmx.com\/nota\/wp-json\/wp\/v2\/posts\/39952\/revisions\/39955"}],"wp:featuredmedia":[{"embeddable":true,"href":"https:\/\/radiowebmx.com\/nota\/wp-json\/wp\/v2\/media\/39954"}],"wp:attachment":[{"href":"https:\/\/radiowebmx.com\/nota\/wp-json\/wp\/v2\/media?parent=39952"}],"wp:term":[{"taxonomy":"category","embeddable":true,"href":"https:\/\/radiowebmx.com\/nota\/wp-json\/wp\/v2\/categories?post=39952"},{"taxonomy":"post_tag","embeddable":true,"href":"https:\/\/radiowebmx.com\/nota\/wp-json\/wp\/v2\/tags?post=39952"}],"curies":[{"name":"wp","href":"https:\/\/api.w.org\/{rel}","templated":true}]}}