{"id":39945,"date":"2017-07-12T15:51:41","date_gmt":"2017-07-12T20:51:41","guid":{"rendered":"https:\/\/radiowebmx.com\/nota\/?p=39945"},"modified":"2017-07-13T11:30:26","modified_gmt":"2017-07-13T16:30:26","slug":"archivo-historico-municipal-de-morelia-ofrece-taller-de-verano-infantil-2017","status":"publish","type":"post","link":"https:\/\/radiowebmx.com\/nota\/archivo-historico-municipal-de-morelia-ofrece-taller-de-verano-infantil-2017\/","title":{"rendered":"Archivo Hist\u00f3rico Municipal de Morelia ofrece \u201cTaller de Verano Infantil 2017\u201d"},"content":{"rendered":"<ul>\n<li>Mi\u00e9rcoles y jueves, peque\u00f1os disfrutar\u00e1n de diversas actividades.<\/li>\n<\/ul>\n<p>&nbsp;<\/p>\n<div>Morelia, Mich., a 12 de julio de 2017<br \/>\nBOLET\u00cdN 1140\/2017<\/div>\n<p>&nbsp;<\/p>\n<div>Con el fin de brindar actividades recreativas integrales para ni\u00f1os de 7 a 12 a\u00f1os de edad en donde adem\u00e1s de aprender se divertir\u00e1n, el Archivo Hist\u00f3rico Municipal de Morelia arranc\u00f3 el \u201cTaller de Verano Infantil 2017\u201d, el cual es coordinado por la Direcci\u00f3n de Cabildo y Asuntos Interinstitucionales que encabeza Germ\u00e1n Mart\u00ednez Ramos; dicha actividad gratuita tendr\u00e1 dos d\u00edas intensos de actividades para los peque\u00f1os.<\/p>\n<p>El funcionario municipal detall\u00f3 que con las diversas din\u00e1micas preparadas para los ni\u00f1os, se lograr\u00e1 promover un desarrollo del pensamiento l\u00f3gico, matem\u00e1tico, comprensi\u00f3n lectora, trabajo en equipo, construcci\u00f3n de ideas, reflexi\u00f3n y retroalimentaci\u00f3n individual de los m\u00e1s de 20 participantes.<\/p>\n<p>Algunas de las actividades a realizar por los peque\u00f1os este mi\u00e9rcoles y jueves ser\u00e1n: Taller \u201cArte en bomb\u00f3n\u201d; Charla \u201cLeyendas de Morelia\u201d; Presentaci\u00f3n de cuenta cuentos; y Exposici\u00f3n de trabajos.<\/p>\n<p>Mart\u00ednez Ramos asegur\u00f3 que se busca mantener la motivaci\u00f3n e interacci\u00f3n con otros ni\u00f1os de la misma edad o similar para lograr un aprendizaje significativo, en un espacio seguro.<\/p>\n<p>Es as\u00ed como el Ayuntamiento de Morelia crea un ambiente l\u00fadico a trav\u00e9s de diferentes din\u00e1micas que se llevar\u00e1n en los talleres que aprender\u00e1n, jugar\u00e1n y pondr\u00e1n la imaginaci\u00f3n como principal herramienta en esta acci\u00f3n en beneficio de la infancia.<\/p>\n<p>De esta manera, la Direcci\u00f3n de Cabildo y Asuntos Interinstitucionales invit\u00f3 a visitar el Archivo Hist\u00f3rico Municipal de Morelia que estar\u00e1 abierto al p\u00fablico estas vacaciones, en sus horarios habituales y que tiene exposici\u00f3n de fotos, actividades culturales semanales, la sala de consulta de documentos del Siglo XVI, entre otros.<\/p><\/div>\n","protected":false},"excerpt":{"rendered":"<p>Mi\u00e9rcoles y jueves, peque\u00f1os disfrutar\u00e1n de diversas actividades. &nbsp; Morelia, Mich., a 12 de julio de 2017 BOLET\u00cdN 1140\/2017 &nbsp; Con el fin de brindar actividades recreativas integrales para ni\u00f1os de 7 a 12 a\u00f1os de edad en donde adem\u00e1s de aprender se divertir\u00e1n, el Archivo Hist\u00f3rico Municipal de Morelia arranc\u00f3 el \u201cTaller de Verano [&hellip;]<\/p>\n","protected":false},"author":2,"featured_media":39946,"comment_status":"closed","ping_status":"closed","sticky":false,"template":"","format":"standard","meta":{"footnotes":""},"categories":[14,60,9],"tags":[],"class_list":["post-39945","post","type-post","status-publish","format-standard","has-post-thumbnail","hentry","category-destacadas","category-michoacan","category-morelia"],"_links":{"self":[{"href":"https:\/\/radiowebmx.com\/nota\/wp-json\/wp\/v2\/posts\/39945","targetHints":{"allow":["GET"]}}],"collection":[{"href":"https:\/\/radiowebmx.com\/nota\/wp-json\/wp\/v2\/posts"}],"about":[{"href":"https:\/\/radiowebmx.com\/nota\/wp-json\/wp\/v2\/types\/post"}],"author":[{"embeddable":true,"href":"https:\/\/radiowebmx.com\/nota\/wp-json\/wp\/v2\/users\/2"}],"replies":[{"embeddable":true,"href":"https:\/\/radiowebmx.com\/nota\/wp-json\/wp\/v2\/comments?post=39945"}],"version-history":[{"count":1,"href":"https:\/\/radiowebmx.com\/nota\/wp-json\/wp\/v2\/posts\/39945\/revisions"}],"predecessor-version":[{"id":39947,"href":"https:\/\/radiowebmx.com\/nota\/wp-json\/wp\/v2\/posts\/39945\/revisions\/39947"}],"wp:featuredmedia":[{"embeddable":true,"href":"https:\/\/radiowebmx.com\/nota\/wp-json\/wp\/v2\/media\/39946"}],"wp:attachment":[{"href":"https:\/\/radiowebmx.com\/nota\/wp-json\/wp\/v2\/media?parent=39945"}],"wp:term":[{"taxonomy":"category","embeddable":true,"href":"https:\/\/radiowebmx.com\/nota\/wp-json\/wp\/v2\/categories?post=39945"},{"taxonomy":"post_tag","embeddable":true,"href":"https:\/\/radiowebmx.com\/nota\/wp-json\/wp\/v2\/tags?post=39945"}],"curies":[{"name":"wp","href":"https:\/\/api.w.org\/{rel}","templated":true}]}}