{"id":3994,"date":"2013-09-26T11:31:57","date_gmt":"2013-09-26T16:31:57","guid":{"rendered":"https:\/\/radiowebmx.com\/nota\/?p=3994"},"modified":"2013-09-26T11:31:57","modified_gmt":"2013-09-26T16:31:57","slug":"ssm-realiza-campana-de-donacion-de-organos-y-tejidos-con-fines-de-trasplante","status":"publish","type":"post","link":"https:\/\/radiowebmx.com\/nota\/ssm-realiza-campana-de-donacion-de-organos-y-tejidos-con-fines-de-trasplante\/","title":{"rendered":"SSM REALIZ\u00c1 CAMPA\u00d1A DE DONACI\u00d3N DE \u00d3RGANOS Y TEJIDOS CON FINES DE TRASPLANTE"},"content":{"rendered":"<p><a href=\"https:\/\/radiowebmx.com\/nota\/wp-content\/uploads\/2013\/09\/IMG_2724.jpg\"><img loading=\"lazy\" decoding=\"async\" class=\"alignleft size-full wp-image-3995\" alt=\"IMG_2724\" src=\"https:\/\/radiowebmx.com\/nota\/wp-content\/uploads\/2013\/09\/IMG_2724.jpg\" width=\"591\" height=\"234\" \/><\/a>Este 26 de septiembre se conmemora el D\u00eda Nacional de la Donaci\u00f3n y Trasplante de \u00d3rganos y Tejidos, por ello la Secretar\u00eda de Salud en la entidad (SSM), emprende una campa\u00f1a de sensibilizaci\u00f3n para la poblaci\u00f3n sobre la importancia del proceso de donaci\u00f3n de \u00f3rganos y tejidos con fines de trasplante, misma que tendr\u00e1 lugar del 26 de septiembre al 26 de octubre del a\u00f1o en curso.<\/p>\n<p>As\u00ed lo dio a conocer en conferencia de prensa el secretario de Salud estatal, Rafael D\u00edaz Rodr\u00edguez, quien acompa\u00f1ado del secretario t\u00e9cnico del Consejo Estatal de Trasplantes de \u00d3rganos y Tejidos,\u00a0 V\u00edctor Ren\u00e9 Andrade Ch\u00e1vez y Rosalinda Ayala Ortiz, coordinadora estatal de Trasplantes coment\u00f3 que la campa\u00f1a de donaci\u00f3n es permanente, ya que se participa con conferencias, pl\u00e1ticas e informaci\u00f3n en diferentes lugares donde se solicita.<\/p>\n<p>As\u00ed tambi\u00e9n, se\u00f1al\u00f3 que la SSM cuenta con un programa de capacitaci\u00f3n que consiste en brindar informaci\u00f3n de los procesos de donaci\u00f3n con fines de trasplantes a los diferentes hospitales del estado de Michoac\u00e1n.<\/p>\n<p>D\u00edaz Rodr\u00edguez dijo que a partir de este jueves 26 de septiembre, se instalar\u00e1n m\u00f3dulos informativos en diversas instituciones de salud, empresas p\u00fablicas y privadas y plazas c\u00edvicas como el Hospital General \u201cDr. Miguel Silva\u201d, Hospital infantil \u201cEva S\u00e1mano de L\u00f3pez Mateos\u201d, Hospital de la Mujer, adem\u00e1s de los Hospitales Regional y Generales de Uruapan, Maravat\u00edo, Zamora, Zit\u00e1cuaro, La Piedad, el Hospital \u201cStar Medica\u201d, el Sanatorio de la Luz, Hospital Regional del IMSS Delegaci\u00f3n Morelia y el Hospital de Alta Especialidad del ISSSTE.<\/p>\n<p>Por su parte, el presidente del Consejo Estatal de Trasplantes, V\u00edctor Ren\u00e9 Andrade inform\u00f3 que en Michoac\u00e1n se cuenta con una lista de espera de 165 personas para recibir un \u00f3rgano, de los cuales 24 son para c\u00f3rnea y 141 de ri\u00f1\u00f3n.<\/p>\n<p>Abund\u00f3 que del 2003 a la fecha, se han realizado 112 donaciones multiorg\u00e1nicas, de las cuales se rescataron 65 c\u00f3rneas y 577 \u00f3rganos y tejidos, y el 82 por ciento de estos \u00f3rganos, han sido obtenidos en hospitales de la Secretar\u00eda de Salud.<\/p>\n<p>En lo que a nivel nacional se refiere, existe una lista de espera de 17 mil 965 pacientes,\u00a0 de \u00e9stos, 9 mil 931 esperan un ri\u00f1\u00f3n, 7 mil 570 una c\u00f3rnea, 387 h\u00edgado, 48 un coraz\u00f3n, 13 ri\u00f1\u00f3n con p\u00e1ncreas, 6 p\u00e1ncreas y 5 un pulm\u00f3n.<\/p>\n<p>Reconoci\u00f3 que falta a\u00fan mucha cultura en la donaci\u00f3n de \u00f3rganos, por ello, es primordial intensificar las acciones de concientizaci\u00f3n ante la poblaci\u00f3n e incrementar el n\u00famero de donantes en el estado, para disminuir los \u00edndices de mortalidad en la poblaci\u00f3n que est\u00e1 en lista de espera de un \u00f3rgano.<\/p>\n<p>De acuerdo con Rosalinda Ayala Ort\u00edz, a partir del 26 de septiembre se instalar\u00e1 un m\u00f3dulo informativo en la Facultad de Psicolog\u00eda de la Universidad Michoacana; el 10 de octubre en la Facultad de Medicina; 8 de Octubre en la escuela de Enfermer\u00eda y Salud P\u00fablica y el 21 de Octubre en la Facultad de Derecho se realizar\u00e1n conferencias.<\/p>\n<p>Asimismo, el 3 de octubre a la 11:00 horas se inaugurar\u00e1 en la Casa Natal de Morelos la exposici\u00f3n de los dibujos ganadores del\u00a0 7\u00ba Concurso Nacional de Dibujo Infantil; \u00a013 de octubre la actividad de Bicivil\u00edzate donde se instalar\u00e1n cuatro m\u00f3dulos de informaci\u00f3n y el 25 del mismo mes, se realizar\u00e1 la entrega de reconocimientos \u201cAl m\u00e9rito y altruismo\u201d a las familias donadoras.<\/p>\n<p>&nbsp;<\/p>\n<p>&nbsp;<\/p>\n<p>&nbsp;<\/p>\n","protected":false},"excerpt":{"rendered":"<p>Este 26 de septiembre se conmemora el D\u00eda Nacional de la Donaci\u00f3n y Trasplante de \u00d3rganos y Tejidos, por ello la Secretar\u00eda de Salud en la entidad (SSM), <\/p>\n","protected":false},"author":1,"featured_media":0,"comment_status":"open","ping_status":"open","sticky":false,"template":"","format":"standard","meta":{"footnotes":""},"categories":[14,3],"tags":[],"class_list":["post-3994","post","type-post","status-publish","format-standard","hentry","category-destacadas","category-gobierno-del-estado-de-michoacan"],"_links":{"self":[{"href":"https:\/\/radiowebmx.com\/nota\/wp-json\/wp\/v2\/posts\/3994","targetHints":{"allow":["GET"]}}],"collection":[{"href":"https:\/\/radiowebmx.com\/nota\/wp-json\/wp\/v2\/posts"}],"about":[{"href":"https:\/\/radiowebmx.com\/nota\/wp-json\/wp\/v2\/types\/post"}],"author":[{"embeddable":true,"href":"https:\/\/radiowebmx.com\/nota\/wp-json\/wp\/v2\/users\/1"}],"replies":[{"embeddable":true,"href":"https:\/\/radiowebmx.com\/nota\/wp-json\/wp\/v2\/comments?post=3994"}],"version-history":[{"count":2,"href":"https:\/\/radiowebmx.com\/nota\/wp-json\/wp\/v2\/posts\/3994\/revisions"}],"predecessor-version":[{"id":3997,"href":"https:\/\/radiowebmx.com\/nota\/wp-json\/wp\/v2\/posts\/3994\/revisions\/3997"}],"wp:attachment":[{"href":"https:\/\/radiowebmx.com\/nota\/wp-json\/wp\/v2\/media?parent=3994"}],"wp:term":[{"taxonomy":"category","embeddable":true,"href":"https:\/\/radiowebmx.com\/nota\/wp-json\/wp\/v2\/categories?post=3994"},{"taxonomy":"post_tag","embeddable":true,"href":"https:\/\/radiowebmx.com\/nota\/wp-json\/wp\/v2\/tags?post=3994"}],"curies":[{"name":"wp","href":"https:\/\/api.w.org\/{rel}","templated":true}]}}