{"id":39922,"date":"2017-07-12T18:09:15","date_gmt":"2017-07-12T23:09:15","guid":{"rendered":"https:\/\/radiowebmx.com\/nota\/?p=39922"},"modified":"2017-07-13T10:46:41","modified_gmt":"2017-07-13T15:46:41","slug":"rinde-frutos-estrategia-de-inclusion-social-en-michoacan","status":"publish","type":"post","link":"https:\/\/radiowebmx.com\/nota\/rinde-frutos-estrategia-de-inclusion-social-en-michoacan\/","title":{"rendered":"Rinde frutos Estrategia de Inclusi\u00f3n Social en Michoac\u00e1n"},"content":{"rendered":"<p class=\"x_MsoNormal\">Morelia Mich. a 12 de junio del 2017.- La Estrategia de Inclusi\u00f3n Social es un ejercicio de coordinaci\u00f3n entre los Gobiernos Federal y Estatal que permite focalizar objetivos comunes para atender los rezagos que enfrenta el estado de Michoac\u00e1n, precis\u00f3 el delegado de la Sedesol en Michoac\u00e1n Ger\u00f3nimo Color Gasca.<\/p>\n<p><a href=\"https:\/\/radiowebmx.com\/nota\/wp-content\/uploads\/2017\/07\/ENI1.jpg\"><img loading=\"lazy\" decoding=\"async\" class=\"alignnone size-medium wp-image-39924\" src=\"https:\/\/radiowebmx.com\/nota\/wp-content\/uploads\/2017\/07\/ENI1-595x396.jpg\" alt=\"\" width=\"595\" height=\"396\" srcset=\"https:\/\/radiowebmx.com\/nota\/wp-content\/uploads\/2017\/07\/ENI1-595x396.jpg 595w, https:\/\/radiowebmx.com\/nota\/wp-content\/uploads\/2017\/07\/ENI1-272x182.jpg 272w, https:\/\/radiowebmx.com\/nota\/wp-content\/uploads\/2017\/07\/ENI1.jpg 709w\" sizes=\"auto, (max-width: 595px) 100vw, 595px\" \/><\/a><\/p>\n<p class=\"x_MsoNormal\">Durante las seis mesas en donde participan las dependencias involucradas, se destac\u00f3 una inversi\u00f3n superior a los 60 millones de pesos por parte de la SCT a trav\u00e9s del Programa de Empleo Temporal para el 2017. Asimismo se han alfabetizado 121 mil personas en 2016 con lo que el analfabetismo se redujo del 8.3 por ciento en el 2015 al 6.8 por ciento en 2016 y Michoac\u00e1n dejo de estar entre los diez estados con mayor rezago educativo.<\/p>\n<p class=\"x_MsoNormal\">Gracias a la coordinaci\u00f3n entre el INEA y programas de SEDESOL como PROSPERA se ha podido avanzar en la certificaci\u00f3n de primaria y secundaria a trav\u00e9s del Programa Especial de Certificaci\u00f3n dirigido a personas mayores de 15 a\u00f1os, inform\u00f3 Juan Jos\u00e9 D\u00edaz Barriga, delegado del INEA en Michoac\u00e1n.<\/p>\n<p class=\"x_MsoNormal\">Con la intenci\u00f3n de mejorar el ingreso de la poblaci\u00f3n, Florentino Coalla Pulido, delegado del Centro SCT en Michoac\u00e1n, inform\u00f3 que la dependencia destina un presupuesto hist\u00f3rico de m\u00e1s de 60 millones de pesos a trav\u00e9s del Programa Empleo Temporal, que se destinan en Zonas de Atenci\u00f3n Prioritarias de 99 municipios.<\/p>\n<p class=\"x_MsoNormal\">Recurso destinado para la rehabilitaci\u00f3n de 244 caminos rurales y urbanos que permiten mantener una comunicaci\u00f3n adecuada, con lo que a la fecha 5 mil 345 beneficiarios han generado sus propios ingresos, m\u00e1s de mil de los beneficiarios son adultos mayores de 65 a\u00f1os que trabajan en beneficio de su propia localidad.<\/p>\n<p class=\"x_MsoNormal\">Asimismo, se tiene contemplada la realizaci\u00f3n de 4 mil 348 proyectos productivos. En donde en sus diferentes modalidades que contemplan la Secretaria de Econom\u00eda, SAGARPA, FIRCO, Financiera Nacional de Desarrollo, CDI, INAES y SEDESOL.<\/p>\n<p class=\"x_MsoNormal\">Por parte del Gobierno del Estado, SEDECO cuenta con avance de 2 mil 414 cr\u00e9ditos, S\u00ed FINANCIA 701 cr\u00e9ditos y SEDRUA cuenta con 855 proyectos productivos ejecutados. El Programa Palabra de Mujer y S\u00ed Financia, cuentan con un avance de 30 mil 386 beneficiarios de microcr\u00e9ditos.<\/p>\n<p class=\"x_MsoNormal\">Para mejorar los servicios b\u00e1sicos en las viviendas, la CFE report\u00f3 la electrificaci\u00f3n en este a\u00f1o de mil 624 viviendas en beneficio de 6 mil 499 personas, a las que se suman 552 viviendas de comunidades ind\u00edgenas.<\/p>\n<p class=\"x_MsoNormal\">El delgado de SEDATU, Alfredo Fern\u00e1ndez Peri, inform\u00f3 que mil 407 cuartos adicionales se encuentran en construcci\u00f3n. CONADI inform\u00f3 que hay un avance de mil 318 viviendas nuevas y el IVEM ha hecho 826 ampliaciones de vivienda.<\/p>\n<p class=\"x_MsoNormal\">INFONAVIT ha otorgado 436 cr\u00e9ditos para mejoramiento de vivienda y junto a IVEM y Pensiones Civiles han facilitado 2 mil 371 cr\u00e9ditos para vivienda nueva.<\/p>\n<p class=\"x_MsoNormal\">Por su parte SESESOH \u00a0ha concluido con la construcci\u00f3n de 500 pisos firme en Comunidades Modelo y 8 mil techos firmes.<\/p>\n<p class=\"x_MsoNormal\">En cuanto al indicador de rezago educativo, la delegada del ISSSTE Lorena Garc\u00eda Pe\u00f1a, mencion\u00f3 que se cuenta con 735 ni\u00f1os que son atendidos en las guarder\u00edas, que en coordinaci\u00f3n con la SEE a partir de agosto estar\u00e1n acreditando el primer grado preescolar, con lo cual 5 mil 133 beneficiarios de Estancias Infantiles y mil 657 del IMSS, estar\u00e1n cursando primer a\u00f1o de preescolar en el pr\u00f3ximo ciclo escolar.<\/p>\n<p class=\"x_MsoNormal\">Para atender el rezago en materia de alimentaci\u00f3n, la Sedesol a trav\u00e9s de la red Comedores Comunitarios atiende a m\u00e1s de 52 mil personas en pobreza alimentaria, Diconsa cuenta con mil 86 tiendas, Liconsa atiende a 235 mil 555 beneficiarios y lleva un avance de 10 nuevas lecher\u00edas de las 50 que comprometi\u00f3 el secretario de Sedesol, Luis Enrique Miranda para Michoac\u00e1n en 2017.<\/p>\n<p class=\"x_MsoNormal\">La SEE ofrece alimentos a 67 mil 220 estudiantes a trav\u00e9s del Programa de Escuelas de Tiempo Completo, mientras el DIF llega a 153 mil estudiantes del Programa de Desayunos Escolares. En tanto, el Programa de Estancias Infantiles ofrece alimentos a 11 mil 616 menores de cuatro a\u00f1os y a trav\u00e9s de Prospera se dota de suplementos alimenticios a 54 mil 942 menores.<\/p>\n<p class=\"x_MsoNormal\">En cuanto al combate al rezago de carencia por Seguridad Social, m\u00e1s de 60 mil adultos mayores beneficiarios del Programa de Pensi\u00f3n para Adultos Mayores de 65 y m\u00e1s, han sido afiliados al Seguro Popular durante el presente a\u00f1o.<\/p>\n","protected":false},"excerpt":{"rendered":"<p>Morelia Mich. a 12 de junio del 2017.- La Estrategia de Inclusi\u00f3n Social es un ejercicio de coordinaci\u00f3n entre los Gobiernos Federal y Estatal que permite focalizar objetivos comunes para atender los rezagos que enfrenta el estado de Michoac\u00e1n, precis\u00f3 el delegado de la Sedesol en Michoac\u00e1n Ger\u00f3nimo Color Gasca. Durante las seis mesas en [&hellip;]<\/p>\n","protected":false},"author":2,"featured_media":39923,"comment_status":"closed","ping_status":"closed","sticky":false,"template":"","format":"standard","meta":{"footnotes":""},"categories":[14,3,60],"tags":[],"class_list":["post-39922","post","type-post","status-publish","format-standard","has-post-thumbnail","hentry","category-destacadas","category-gobierno-del-estado-de-michoacan","category-michoacan"],"_links":{"self":[{"href":"https:\/\/radiowebmx.com\/nota\/wp-json\/wp\/v2\/posts\/39922","targetHints":{"allow":["GET"]}}],"collection":[{"href":"https:\/\/radiowebmx.com\/nota\/wp-json\/wp\/v2\/posts"}],"about":[{"href":"https:\/\/radiowebmx.com\/nota\/wp-json\/wp\/v2\/types\/post"}],"author":[{"embeddable":true,"href":"https:\/\/radiowebmx.com\/nota\/wp-json\/wp\/v2\/users\/2"}],"replies":[{"embeddable":true,"href":"https:\/\/radiowebmx.com\/nota\/wp-json\/wp\/v2\/comments?post=39922"}],"version-history":[{"count":1,"href":"https:\/\/radiowebmx.com\/nota\/wp-json\/wp\/v2\/posts\/39922\/revisions"}],"predecessor-version":[{"id":39925,"href":"https:\/\/radiowebmx.com\/nota\/wp-json\/wp\/v2\/posts\/39922\/revisions\/39925"}],"wp:featuredmedia":[{"embeddable":true,"href":"https:\/\/radiowebmx.com\/nota\/wp-json\/wp\/v2\/media\/39923"}],"wp:attachment":[{"href":"https:\/\/radiowebmx.com\/nota\/wp-json\/wp\/v2\/media?parent=39922"}],"wp:term":[{"taxonomy":"category","embeddable":true,"href":"https:\/\/radiowebmx.com\/nota\/wp-json\/wp\/v2\/categories?post=39922"},{"taxonomy":"post_tag","embeddable":true,"href":"https:\/\/radiowebmx.com\/nota\/wp-json\/wp\/v2\/tags?post=39922"}],"curies":[{"name":"wp","href":"https:\/\/api.w.org\/{rel}","templated":true}]}}