{"id":39918,"date":"2017-07-12T18:27:46","date_gmt":"2017-07-12T23:27:46","guid":{"rendered":"https:\/\/radiowebmx.com\/nota\/?p=39918"},"modified":"2017-07-13T10:45:09","modified_gmt":"2017-07-13T15:45:09","slug":"morelianos-llaman-al-congreso-a-aprobar-iniciativa-para-modernizar-el-alumbrado-publico","status":"publish","type":"post","link":"https:\/\/radiowebmx.com\/nota\/morelianos-llaman-al-congreso-a-aprobar-iniciativa-para-modernizar-el-alumbrado-publico\/","title":{"rendered":"Morelianos llaman al Congreso a aprobar iniciativa para Modernizar el Alumbrado P\u00fablico"},"content":{"rendered":"<ul>\n<li>Reconocen deficiencias en el sistema que actualmente opera en la ciudad.<\/li>\n<\/ul>\n<p>&nbsp;<\/p>\n<div>Morelia, Mich., a 12 de julio de 2017<br \/>\nBOLET\u00cdN. 1142\/2017<\/div>\n<p>&nbsp;<\/p>\n<div>Tras reconocer que el sistema de luminarias que actualmente opera en la ciudad es obsoleto, deficiente y a\u00f1ejo, morelianos de distintos puntos del municipio, se pronunciaron a favor de la modernizaci\u00f3n integral del Alumbrado P\u00fablico que propone el Alcalde, Alfonso Mart\u00ednez Alc\u00e1zar, al tiempo que hicieron un llamado respetuoso a los integrantes de la Septuag\u00e9sima Tercera Legislatura de Michoac\u00e1n, a que avalen el proyecto turnado por el Ayuntamiento capitalino en la materia.<br \/>\n<a href=\"https:\/\/radiowebmx.com\/nota\/wp-content\/uploads\/2017\/07\/50f1d75b-257b-470a-aaee-4479606c9f75.jpg\"><img loading=\"lazy\" decoding=\"async\" class=\"alignnone size-medium wp-image-39920\" src=\"https:\/\/radiowebmx.com\/nota\/wp-content\/uploads\/2017\/07\/50f1d75b-257b-470a-aaee-4479606c9f75-595x793.jpg\" alt=\"\" width=\"595\" height=\"793\" srcset=\"https:\/\/radiowebmx.com\/nota\/wp-content\/uploads\/2017\/07\/50f1d75b-257b-470a-aaee-4479606c9f75-595x793.jpg 595w, https:\/\/radiowebmx.com\/nota\/wp-content\/uploads\/2017\/07\/50f1d75b-257b-470a-aaee-4479606c9f75-480x640.jpg 480w, https:\/\/radiowebmx.com\/nota\/wp-content\/uploads\/2017\/07\/50f1d75b-257b-470a-aaee-4479606c9f75.jpg 709w\" sizes=\"auto, (max-width: 595px) 100vw, 595px\" \/><\/a><br \/>\nVecinos de las colonias Vasco de Quiroga, Xangari, Ampliaci\u00f3n Tercera Esperanza, Puerto de Buenavista y Fraccionamiento San Isidro, coincidieron en referir la apremiante urgencia de hacer una \u201creestructura de fondo\u201d de la infraestructura del alumbrado p\u00fablico en la ciudad, ya que, detallaron, este servicio no s\u00f3lo es b\u00e1sico, sino que adem\u00e1s resulta elemental para dotar de mayor seguridad a la capital michoacana.<\/p>\n<p>\u201cEn mi colonia el alumbrado es muy deficiente, hay d\u00edas que alumbra y otros no, y pr\u00e1cticamente el que hay en todo el municipio es obsoleto, ya cumpli\u00f3 su vida \u00fatil, por eso, pedimos que se haga una reestructuraci\u00f3n del sistema, que lo arreglen de fondo\u201d, sentenci\u00f3 Erick Alejandro Bravo, del Fraccionamiento San Isidro.<\/p>\n<p>Y es que actualmente, a trav\u00e9s del 072 y el portal de Internet oficial de \u201cL\u00ednea Directa\u201d, por lo menos el 80 por ciento de las solicitudes competen a la Direcci\u00f3n de Alumbrado Sustentable, de las cuales el 90 por ciento son por luminarias apagadas o que requieren mantenimiento.<\/p>\n<p>Asimismo, hay demarcaciones que desde hace varias d\u00e9cadas han pedido a distintos gobiernos municipales este servicio, toda vez que las existentes resultan insuficientes y las que hay \u201co est\u00e1n apagadas o no alumbran\u201d, lament\u00f3 Eulalia Carrillo de la colonia Puerto de Buenavista, ubicada al Poniente de la ciudad.<\/p>\n<p>\u201cTengo aqu\u00ed 60 a\u00f1os viviendo y el alumbrado p\u00fablico es poco y en la noche se pone muy obscuro por aqu\u00ed. Yo invito a las autoridades y diputados a que vengan a darse una vuelta a esa hora para que vean la falta que nos hace\u201d, a\u00f1adi\u00f3.<\/p>\n<p>Cabe mencionar que el municipio cuenta con poco m\u00e1s de 67 mil luminarias en la ciudad, de las cuales, cerca de 23 mil no funcionan, lo que propicia espacios poco seguros e impide el desarrollo de las actividades cotidianas de la ciudadan\u00eda.<\/p>\n<p>\u201cA m\u00ed una zona alumbrada me da m\u00e1s seguridad para mis hijos, porque si es m\u00e1s f\u00e1cil que los delincuentes hagan de las suyas donde no hay luz y est\u00e1 m\u00e1s dif\u00edcil adem\u00e1s identificarlos\u201d, alert\u00f3 Vicente Aburto Rivera, colono de la demarcaci\u00f3n 10 de Junio.<\/p>\n<p>En este mismo sentido, el vecino del complejo habitacional Ampliaci\u00f3n Tercera Esperanza, Salvador \u00c1vila, refiri\u00f3 que en dicha zona es \u201cmuy pobre\u201d la electricidad, puesto que \u201chay d\u00edas que alumbra y hay d\u00edas que no\u201d, de ah\u00ed que se sum\u00f3 a la petici\u00f3n de hacer una transformaci\u00f3n de fondo del sistema de luminarias en la capital de Michoac\u00e1n.<\/p>\n<p>Al respecto, la se\u00f1ora Mar\u00eda del Carmen Cruz Mendoza, del Fraccionamiento San Isidro, tambi\u00e9n llam\u00f3 a los representantes populares a hacer realidad esta iniciativa, \u201cque hagan un alumbrado de verdad, que quiten de ra\u00edz todo. \u00bfCu\u00e1ntos a\u00f1os tiene ya este sistema?, forzosamente requerimos que se cambie\u201d.<\/p>\n<p>De igual manera, Mar\u00eda Magdalena G\u00f3mez Rodr\u00edguez, de la colonia Vasco de Quiroga, alz\u00f3 la voz para exhortar a los legisladores locales a avalar este proyecto, \u201cyo les hago un atento llamado a que si acepten este proyecto del Presidente porque nos beneficia mucho a los ciudadanos\u201d.<\/p>\n<p>Es de resaltar que en aras de brindar mayor transparencia, el Cabildo de Morelia aprob\u00f3 el Punto de Acuerdo mediante el cual se plantea la perfectibilidad del Acuerdo por el que se autoriza al Ayuntamiento de Morelia, a presentar ante el Congreso del Estado de Michoac\u00e1n de Ocampo, una Iniciativa de Decreto respecto al Proyecto integral para la modernizaci\u00f3n, rehabilitaci\u00f3n, mantenimiento, operaci\u00f3n y gesti\u00f3n de la energ\u00eda del sistema de alumbrado p\u00fablico de Morelia.<\/p>\n<p>Derivado de lo anterior, organismos como el Consejo Ciudadano de Morelia, la Fundaci\u00f3n Ciudadana para el Desarrollo Integral de Michoac\u00e1n, la Universidad Michoacana de San Nicol\u00e1s de Hidalgo, el Comit\u00e9 y a la Comisi\u00f3n de Acceso a la Informaci\u00f3n P\u00fablica de este Ayuntamiento, acompa\u00f1ar\u00e1n y dar\u00e1n certeza a todo el proceso de licitaci\u00f3n en calidad de observadores del correcto cumplimiento de dicho acuerdo.<\/p><\/div>\n","protected":false},"excerpt":{"rendered":"<p>Reconocen deficiencias en el sistema que actualmente opera en la ciudad. &nbsp; Morelia, Mich., a 12 de julio de 2017 BOLET\u00cdN. 1142\/2017 &nbsp; Tras reconocer que el sistema de luminarias que actualmente opera en la ciudad es obsoleto, deficiente y a\u00f1ejo, morelianos de distintos puntos del municipio, se pronunciaron a favor de la modernizaci\u00f3n integral [&hellip;]<\/p>\n","protected":false},"author":2,"featured_media":39919,"comment_status":"closed","ping_status":"closed","sticky":false,"template":"","format":"standard","meta":{"footnotes":""},"categories":[14,60,9],"tags":[],"class_list":["post-39918","post","type-post","status-publish","format-standard","has-post-thumbnail","hentry","category-destacadas","category-michoacan","category-morelia"],"_links":{"self":[{"href":"https:\/\/radiowebmx.com\/nota\/wp-json\/wp\/v2\/posts\/39918","targetHints":{"allow":["GET"]}}],"collection":[{"href":"https:\/\/radiowebmx.com\/nota\/wp-json\/wp\/v2\/posts"}],"about":[{"href":"https:\/\/radiowebmx.com\/nota\/wp-json\/wp\/v2\/types\/post"}],"author":[{"embeddable":true,"href":"https:\/\/radiowebmx.com\/nota\/wp-json\/wp\/v2\/users\/2"}],"replies":[{"embeddable":true,"href":"https:\/\/radiowebmx.com\/nota\/wp-json\/wp\/v2\/comments?post=39918"}],"version-history":[{"count":1,"href":"https:\/\/radiowebmx.com\/nota\/wp-json\/wp\/v2\/posts\/39918\/revisions"}],"predecessor-version":[{"id":39921,"href":"https:\/\/radiowebmx.com\/nota\/wp-json\/wp\/v2\/posts\/39918\/revisions\/39921"}],"wp:featuredmedia":[{"embeddable":true,"href":"https:\/\/radiowebmx.com\/nota\/wp-json\/wp\/v2\/media\/39919"}],"wp:attachment":[{"href":"https:\/\/radiowebmx.com\/nota\/wp-json\/wp\/v2\/media?parent=39918"}],"wp:term":[{"taxonomy":"category","embeddable":true,"href":"https:\/\/radiowebmx.com\/nota\/wp-json\/wp\/v2\/categories?post=39918"},{"taxonomy":"post_tag","embeddable":true,"href":"https:\/\/radiowebmx.com\/nota\/wp-json\/wp\/v2\/tags?post=39918"}],"curies":[{"name":"wp","href":"https:\/\/api.w.org\/{rel}","templated":true}]}}