{"id":39907,"date":"2017-07-12T19:31:30","date_gmt":"2017-07-13T00:31:30","guid":{"rendered":"https:\/\/radiowebmx.com\/nota\/?p=39907"},"modified":"2017-07-13T10:23:04","modified_gmt":"2017-07-13T15:23:04","slug":"historica-inauguracion-de-plantel-del-cecytem-en-galeana-municipio-puruandiro","status":"publish","type":"post","link":"https:\/\/radiowebmx.com\/nota\/historica-inauguracion-de-plantel-del-cecytem-en-galeana-municipio-puruandiro\/","title":{"rendered":"Hist\u00f3rica inauguraci\u00f3n de plantel del CECyTEM en Galeana, municipio Puru\u00e1ndiro"},"content":{"rendered":"<ul>\n<li>Se ha construido un aula del subsistema por semana durante la administraci\u00f3n que encabeza el Gobernador Silvano Aureoles.<\/li>\n<\/ul>\n<p>&nbsp;<\/p>\n<ul>\n<li>La inversi\u00f3n, de 2 mdp aportados a partes iguales por la instituci\u00f3n y el Ayuntamiento.<\/li>\n<\/ul>\n<p><strong>Galeana, mpio de Puru\u00e1ndiro, Michoac\u00e1n, a 12 de julio de 2017.-<\/strong>\u00a0\u00a0El Gobernador Silvano Aureoles Conejo cumple su compromiso con la comunidad estudiantil del Colegio de Estudios Cient\u00edficos y Tecnol\u00f3gicos del Estado de Michoac\u00e1n (CECyTEM), y este mi\u00e9rcoles fueron inauguradas las nuevas instalaciones de un plantel del Centro de Educaci\u00f3n Media Superior a Distancia (CEMSaD) en esta comunidad.<br \/>\n<a href=\"https:\/\/radiowebmx.com\/nota\/wp-content\/uploads\/2017\/07\/dccfd89f-f328-4cf1-8c97-dc7c21836f0f.jpg\"><img loading=\"lazy\" decoding=\"async\" class=\"alignnone size-medium wp-image-39909\" src=\"https:\/\/radiowebmx.com\/nota\/wp-content\/uploads\/2017\/07\/dccfd89f-f328-4cf1-8c97-dc7c21836f0f-595x686.jpg\" alt=\"\" width=\"595\" height=\"686\" srcset=\"https:\/\/radiowebmx.com\/nota\/wp-content\/uploads\/2017\/07\/dccfd89f-f328-4cf1-8c97-dc7c21836f0f-595x686.jpg 595w, https:\/\/radiowebmx.com\/nota\/wp-content\/uploads\/2017\/07\/dccfd89f-f328-4cf1-8c97-dc7c21836f0f.jpg 709w\" sizes=\"auto, (max-width: 595px) 100vw, 595px\" \/><\/a><br \/>\nMar\u00eda del Carmen Escobedo P\u00e9rez, directora general del CECyTEM, destac\u00f3 durante la inauguraci\u00f3n de las nuevas instalaciones que \u201cnos hemos dado a la tarea de contar con mejores aulas y espacios de aprendizaje para nuestros alumnos y docentes, con la finalidad de que los muchachos obtengan mejores resultados acad\u00e9micos\u201d.<\/p>\n<p>Resalt\u00f3 el gran compromiso del Gobernador Silvano Aureoles Conejo con los j\u00f3venes estudiantes del CECyTEM, y expuso que durante la presente administraci\u00f3n estatal se ha construido un aula por semana.<\/p>\n<p>&#8220;Contar con una buena infraestructura escolar, con espacios renovados y limpios, posibilita que los j\u00f3venes tiendan a mejorar la asistencia e inter\u00e9s por el aprendizaje; por esta raz\u00f3n, las inversiones en infraestructura tienen un papel fundamental para la instituci\u00f3n\u201d, subray\u00f3 Escobedo P\u00e9rez.<\/p>\n<p>Asimismo, felicit\u00f3 a los padres de familia y a la responsable del plantel, Ivonne Ortiz Mendoza, por la inauguraci\u00f3n de seis aulas y un m\u00f3dulo de sanitarios, lo cual fue posible gracias a la firma de la Coordinaci\u00f3n de Acciones con Municipios signado con el Ayuntamiento de Puru\u00e1ndiro, con una inversi\u00f3n de 2 millones de pesos, aportados a partes iguales por el Ayuntamiento y el CECyTEM.<\/p>\n<p>De igual manera, Escobedo P\u00e9rez agradeci\u00f3 al presidente municipal, V\u00edctor Manuel V\u00e1zquez Tapia, ya que gracias al Ayuntamiento se construy\u00f3 un aula, la plaza c\u00edvica, fosa s\u00e9ptica y cisterna, en beneficio de los 180 alumnos que permanecer\u00e1n en las aulas a partir del mes de agosto pr\u00f3ximo, cuando inicie el ciclo escolar 2017-2018.<\/p>\n<p>Por su parte, el presidente municipal de Puru\u00e1ndiro refrend\u00f3 su compromiso con la educaci\u00f3n: \u201cseguiremos contribuyendo para mejorar las instalaciones del CECyTEM en los planteles asentados en el municipio porque sabemos que con educaci\u00f3n los j\u00f3venes est\u00e1n encaminados a tener un mejor futuro\u201d.<\/p>\n<p>Al evento de inauguraci\u00f3n asistieron Teresa Ocampo Barrueta, subdirectora de CEMsAD del CECyTEM; Jos\u00e9 Luis Alcaraz Maga\u00f1a, jefe de Tenencia de Galeana; Jos\u00e9 Trinidad D\u00edaz Arias, comisariado ejidal de Galeana; Manuel Anguiano Cabrera, ex director general del CECyTEM; Armando Ch\u00e1vez Flores, director del plantel Puru\u00e1ndiro.<\/p>\n<p>Asimismo, Sigifredo G\u00f3mez Anaya, director de Planeaci\u00f3n; Wilibaldo Dom\u00ednguez Alcaraz, director del plantel de Ciudad Hidalgo; Laura Selene L\u00f3pez Reyes, responsable del plantel San Lorenzo; H\u00e9ctor Gabriel Barreta Meza, responsable del plantel La Luz; Arturo Viera Rodr\u00edguez, responsable del plantel Ixtlan de los Hervores; Hilda Salas Aguirre, coordinadora del plantel Puru\u00e1ndiro, y Jorge Granados, director de la Fundaci\u00f3n Salud y Bienestar A.C.<\/p>\n","protected":false},"excerpt":{"rendered":"<p>Se ha construido un aula del subsistema por semana durante la administraci\u00f3n que encabeza el Gobernador Silvano Aureoles. &nbsp; La inversi\u00f3n, de 2 mdp aportados a partes iguales por la instituci\u00f3n y el Ayuntamiento. Galeana, mpio de Puru\u00e1ndiro, Michoac\u00e1n, a 12 de julio de 2017.-\u00a0\u00a0El Gobernador Silvano Aureoles Conejo cumple su compromiso con la comunidad [&hellip;]<\/p>\n","protected":false},"author":2,"featured_media":39908,"comment_status":"closed","ping_status":"closed","sticky":false,"template":"","format":"standard","meta":{"footnotes":""},"categories":[14,3,60],"tags":[],"class_list":["post-39907","post","type-post","status-publish","format-standard","has-post-thumbnail","hentry","category-destacadas","category-gobierno-del-estado-de-michoacan","category-michoacan"],"_links":{"self":[{"href":"https:\/\/radiowebmx.com\/nota\/wp-json\/wp\/v2\/posts\/39907","targetHints":{"allow":["GET"]}}],"collection":[{"href":"https:\/\/radiowebmx.com\/nota\/wp-json\/wp\/v2\/posts"}],"about":[{"href":"https:\/\/radiowebmx.com\/nota\/wp-json\/wp\/v2\/types\/post"}],"author":[{"embeddable":true,"href":"https:\/\/radiowebmx.com\/nota\/wp-json\/wp\/v2\/users\/2"}],"replies":[{"embeddable":true,"href":"https:\/\/radiowebmx.com\/nota\/wp-json\/wp\/v2\/comments?post=39907"}],"version-history":[{"count":1,"href":"https:\/\/radiowebmx.com\/nota\/wp-json\/wp\/v2\/posts\/39907\/revisions"}],"predecessor-version":[{"id":39910,"href":"https:\/\/radiowebmx.com\/nota\/wp-json\/wp\/v2\/posts\/39907\/revisions\/39910"}],"wp:featuredmedia":[{"embeddable":true,"href":"https:\/\/radiowebmx.com\/nota\/wp-json\/wp\/v2\/media\/39908"}],"wp:attachment":[{"href":"https:\/\/radiowebmx.com\/nota\/wp-json\/wp\/v2\/media?parent=39907"}],"wp:term":[{"taxonomy":"category","embeddable":true,"href":"https:\/\/radiowebmx.com\/nota\/wp-json\/wp\/v2\/categories?post=39907"},{"taxonomy":"post_tag","embeddable":true,"href":"https:\/\/radiowebmx.com\/nota\/wp-json\/wp\/v2\/tags?post=39907"}],"curies":[{"name":"wp","href":"https:\/\/api.w.org\/{rel}","templated":true}]}}