{"id":39842,"date":"2017-07-12T14:19:09","date_gmt":"2017-07-12T19:19:09","guid":{"rendered":"https:\/\/radiowebmx.com\/nota\/?p=39842"},"modified":"2017-07-12T16:04:49","modified_gmt":"2017-07-12T21:04:49","slug":"anuncia-ayuntamiento-etapa-municipal-de-la-liga-de-futbol-7","status":"publish","type":"post","link":"https:\/\/radiowebmx.com\/nota\/anuncia-ayuntamiento-etapa-municipal-de-la-liga-de-futbol-7\/","title":{"rendered":"Anuncia Ayuntamiento etapa municipal de la Liga de Futbol 7"},"content":{"rendered":"<ul>\n<li>Certamen clasificatorio al Mundial en Guatemala.<\/li>\n<li>Se espera la participaci\u00f3n de 24 equipos.<\/li>\n<\/ul>\n<p>Con miras al \u201cCampeonato Mundial de Futbol 7 Guatemala 2017\u201d, el Ayuntamiento de Morelia, anunci\u00f3 la etapa municipal de la Liga de la especialidad, la cual dar\u00e1 comienzo a partir del 24 de julio y tendr\u00e1 una duraci\u00f3n de siete semanas, en la que se espera la participaci\u00f3n de 24 equipos.<\/p>\n<p><a href=\"https:\/\/radiowebmx.com\/nota\/wp-content\/uploads\/2017\/07\/f29cbabd-afec-4e31-ae10-f9a6a2e9852a.jpg\"><img loading=\"lazy\" decoding=\"async\" class=\"alignnone wp-image-39880\" src=\"https:\/\/radiowebmx.com\/nota\/wp-content\/uploads\/2017\/07\/f29cbabd-afec-4e31-ae10-f9a6a2e9852a-595x533.jpg\" alt=\"\" width=\"400\" height=\"359\" srcset=\"https:\/\/radiowebmx.com\/nota\/wp-content\/uploads\/2017\/07\/f29cbabd-afec-4e31-ae10-f9a6a2e9852a-595x533.jpg 595w, https:\/\/radiowebmx.com\/nota\/wp-content\/uploads\/2017\/07\/f29cbabd-afec-4e31-ae10-f9a6a2e9852a.jpg 709w\" sizes=\"auto, (max-width: 400px) 100vw, 400px\" \/><\/a><\/p>\n<p>La Administraci\u00f3n Independiente encabezada por el Alcalde, Alfonso Mart\u00ednez Alc\u00e1zar, a trav\u00e9s del Instituto Municipal de Cultura F\u00edsica y Deporte (IMCUFIDE), uni\u00f3 fuerzas con la Asociaci\u00f3n Internacional de Futbol 7 (IFA 7, por sus siglas en ingl\u00e9s), para realizar este selectivo municipal que pretende detonar esta actividad en la capital del estado.El evento tiene la finalidad de designar a un combinado que represente a Morelia en la etapa estatal, que se desarrollar\u00e1 del 22 al 24 de septiembre, de donde se elegir\u00e1n a los mejores elementos para asistir a la ronda nacional, programada del 6 al 9 de octubre, para finalmente convocar a los integrantes del equipo azteca que acudir\u00e1n al primer \u201cCampeonato Mundial de Futbol 7 Guatemala 2017\u201d, que tendr\u00e1 verificativo del 20 al 29 de octubre, con la presencia garantizada de 16 pa\u00edses.<\/p>\n<p>En la presentaci\u00f3n se dieron cita autoridades como: Salvador Alegre \u00c1lvarez, Encargado de Despacho del Instituto Municipal de Cultura F\u00edsica y Deporte (IMCUFIDE); Giovanni Alvarado, presidente de la IFA 7 en M\u00e9xico; as\u00ed como el delegado estatal de la organizaci\u00f3n, Francisco Villanueva Mart\u00ednez.<\/p>\n<p>\u201cEn el Ayuntamiento de Morelia buscamos que lo que aqu\u00ed se logra, se refleje en todo el estado y en el propio pa\u00eds, por eso no dudamos en participar en esta liga que dar\u00e1 la oportunidad a los ciudadanos de trascender de forma importante\u201d, manifest\u00f3 Salvador Alegre \u00c1lvarez, Encargado del Despacho del IMCUFIDE.<\/p>\n<p>\u201cNuestro principal objetivo es darle la oportunidad a jugadores de disputar torneos nacionales e internacionales de forma seria, tenemos una estructura bastante s\u00f3lida que permite hacer eventos de mayor relevancia\u201d, apunt\u00f3 Giovanni Alvarado, en su calidad de dirigente nacional de la especialidad.<\/p>\n<p>La etapa municipal est\u00e1 pactada para iniciar el 24 de julio, con la presencia estimada de 24 equipos, los cuales por espacio de siete semanas disputar\u00e1n el pase a la ronda estatal, en la cancha del Complejo Deportivo Bicentenario, en la categor\u00eda Libre de la rama varonil.<\/p>\n<p>El sistema de competencia ser\u00e1 de cuatro grupos de seis equipos cada uno, en donde los dos mejores avanzar\u00e1n a la ronda de cuartos de final, de donde los dos mejores conseguir\u00e1n su boleto para el nacional, en octubre.<\/p>\n<p>Las inscripciones tienen un costo de 7 mil pesos por equipo, cuota que incluye uniformes de la marca Odra, hidrataci\u00f3n, credenciales, pago de inscripci\u00f3n para las siguientes etapas, as\u00ed como alimentaci\u00f3n, transporte y hospedaje, adem\u00e1s de un registro, el cual deber\u00e1n enviar a la direcci\u00f3n\u00a0<a href=\"mailto:futbol7categorialibremichoacan@gmail.com\" target=\"_blank\" rel=\"noopener noreferrer\">futbol7categorialibremichoacan@gmail.com<\/a>.<\/p>\n","protected":false},"excerpt":{"rendered":"<p>Certamen clasificatorio al Mundial en Guatemala. Se espera la participaci\u00f3n de 24 equipos. Con miras al \u201cCampeonato Mundial de Futbol 7 Guatemala 2017\u201d, el Ayuntamiento de Morelia, anunci\u00f3 la etapa municipal de la Liga de la especialidad, la cual dar\u00e1 comienzo a partir del 24 de julio y tendr\u00e1 una duraci\u00f3n de siete semanas, en [&hellip;]<\/p>\n","protected":false},"author":2,"featured_media":39878,"comment_status":"closed","ping_status":"closed","sticky":false,"template":"","format":"standard","meta":{"footnotes":""},"categories":[14,60,9],"tags":[],"class_list":["post-39842","post","type-post","status-publish","format-standard","has-post-thumbnail","hentry","category-destacadas","category-michoacan","category-morelia"],"_links":{"self":[{"href":"https:\/\/radiowebmx.com\/nota\/wp-json\/wp\/v2\/posts\/39842","targetHints":{"allow":["GET"]}}],"collection":[{"href":"https:\/\/radiowebmx.com\/nota\/wp-json\/wp\/v2\/posts"}],"about":[{"href":"https:\/\/radiowebmx.com\/nota\/wp-json\/wp\/v2\/types\/post"}],"author":[{"embeddable":true,"href":"https:\/\/radiowebmx.com\/nota\/wp-json\/wp\/v2\/users\/2"}],"replies":[{"embeddable":true,"href":"https:\/\/radiowebmx.com\/nota\/wp-json\/wp\/v2\/comments?post=39842"}],"version-history":[{"count":5,"href":"https:\/\/radiowebmx.com\/nota\/wp-json\/wp\/v2\/posts\/39842\/revisions"}],"predecessor-version":[{"id":39899,"href":"https:\/\/radiowebmx.com\/nota\/wp-json\/wp\/v2\/posts\/39842\/revisions\/39899"}],"wp:featuredmedia":[{"embeddable":true,"href":"https:\/\/radiowebmx.com\/nota\/wp-json\/wp\/v2\/media\/39878"}],"wp:attachment":[{"href":"https:\/\/radiowebmx.com\/nota\/wp-json\/wp\/v2\/media?parent=39842"}],"wp:term":[{"taxonomy":"category","embeddable":true,"href":"https:\/\/radiowebmx.com\/nota\/wp-json\/wp\/v2\/categories?post=39842"},{"taxonomy":"post_tag","embeddable":true,"href":"https:\/\/radiowebmx.com\/nota\/wp-json\/wp\/v2\/tags?post=39842"}],"curies":[{"name":"wp","href":"https:\/\/api.w.org\/{rel}","templated":true}]}}