{"id":3984,"date":"2013-09-24T13:13:54","date_gmt":"2013-09-24T18:13:54","guid":{"rendered":"https:\/\/radiowebmx.com\/nota\/?p=3984"},"modified":"2013-10-02T12:47:03","modified_gmt":"2013-10-02T17:47:03","slug":"centros-de-acopio-continuaran-abiertos-todo-septiembre","status":"publish","type":"post","link":"https:\/\/radiowebmx.com\/nota\/centros-de-acopio-continuaran-abiertos-todo-septiembre\/","title":{"rendered":"CENTROS DE ACOPIO CONTINUAR\u00c1N ABIERTOS TODO SEPTIEMBRE"},"content":{"rendered":"<p><a href=\"https:\/\/radiowebmx.com\/nota\/wp-content\/uploads\/2013\/09\/DSC_4194.jpg\"><img loading=\"lazy\" decoding=\"async\" class=\"alignleft size-full wp-image-3985\" alt=\"DSC_4194\" src=\"https:\/\/radiowebmx.com\/nota\/wp-content\/uploads\/2013\/09\/DSC_4194.jpg\" width=\"591\" height=\"296\" \/><\/a>El Sistema para el Desarrollo Integral de la Familia (DIF) Michoac\u00e1n, dirigido por Nelly Sastr\u00e9 Gasca y la Secretar\u00eda de Pol\u00edtica Social (Sepsol), que encabeza Rodrigo Maldonado L\u00f3pez, continuar\u00e1n todo el mes de septiembre recibiendo los donativos que cientos de michoacanos hacen llegar en apoyo a los damnificados por la tormenta tropical \u201cManuel\u201d.<\/p>\n<p>Este domingo, se cont\u00f3 en la Plaza Melchor Ocampo con la Sinf\u00f3nica de Alientos de la Secretar\u00eda de Seguridad P\u00fablica del Gobierno del Estado de Michoac\u00e1n, quienes invitaron a los morelianos que pasaban por el primer cuadro de la ciudad, a sumarse a tan noble causa.<\/p>\n<p>Cabe recordar que adem\u00e1s se han integrado a las guardias de los Centros de Acopio, decenas de estudiantes y j\u00f3venes que voluntariamente han apoyado para la recepci\u00f3n de los art\u00edculos donados.<\/p>\n<p>Los Centros de Acopio mantendr\u00e1n un horario de 9:00 a 21:00 horas, por lo que se invita a la poblaci\u00f3n en general a que contin\u00fae aportando los diversos art\u00edculos que ser\u00e1n entregados a las familias damnificadas.<\/p>\n<p>La lista de art\u00edculos que se requieren son: jab\u00f3n en polvo, pinol, escobas, cepillos, jaladores, franelas, cubetas, papel sanitario, toallas femeninas, cepillo dental, champ\u00fa, jab\u00f3n de pastilla, rastrillos, as\u00ed como alimentos enlatados, arroz, frijoles, lenteja, sopa de pasta, consom\u00e9 de pollo en polvo, mayonesa, aceite para cocinar, caf\u00e9 soluble, az\u00facar, mermelada, chocolate en polvo o tablilla, galletas saladas y dulces en paquetes.<\/p>\n<p>Los Centros de Acopio que opera el gobierno estatal est\u00e1n ubicados en las instalaciones del DIF estatal de Avenida Acueducto esquina Ventura Puente, Lote 17, y en la Plaza Melchor Ocampo.<\/p>\n","protected":false},"excerpt":{"rendered":"<p>El Sistema para el Desarrollo Integral de la Familia (DIF) Michoac\u00e1n, dirigido por Nelly Sastr\u00e9 Gasca y la Secretar\u00eda de Pol\u00edtica Social (Sepsol), que encabeza Rodrigo Maldonado L\u00f3pez<\/p>\n","protected":false},"author":1,"featured_media":0,"comment_status":"open","ping_status":"open","sticky":false,"template":"","format":"standard","meta":{"footnotes":""},"categories":[14,3],"tags":[],"class_list":["post-3984","post","type-post","status-publish","format-standard","hentry","category-destacadas","category-gobierno-del-estado-de-michoacan"],"_links":{"self":[{"href":"https:\/\/radiowebmx.com\/nota\/wp-json\/wp\/v2\/posts\/3984","targetHints":{"allow":["GET"]}}],"collection":[{"href":"https:\/\/radiowebmx.com\/nota\/wp-json\/wp\/v2\/posts"}],"about":[{"href":"https:\/\/radiowebmx.com\/nota\/wp-json\/wp\/v2\/types\/post"}],"author":[{"embeddable":true,"href":"https:\/\/radiowebmx.com\/nota\/wp-json\/wp\/v2\/users\/1"}],"replies":[{"embeddable":true,"href":"https:\/\/radiowebmx.com\/nota\/wp-json\/wp\/v2\/comments?post=3984"}],"version-history":[{"count":3,"href":"https:\/\/radiowebmx.com\/nota\/wp-json\/wp\/v2\/posts\/3984\/revisions"}],"predecessor-version":[{"id":3987,"href":"https:\/\/radiowebmx.com\/nota\/wp-json\/wp\/v2\/posts\/3984\/revisions\/3987"}],"wp:attachment":[{"href":"https:\/\/radiowebmx.com\/nota\/wp-json\/wp\/v2\/media?parent=3984"}],"wp:term":[{"taxonomy":"category","embeddable":true,"href":"https:\/\/radiowebmx.com\/nota\/wp-json\/wp\/v2\/categories?post=3984"},{"taxonomy":"post_tag","embeddable":true,"href":"https:\/\/radiowebmx.com\/nota\/wp-json\/wp\/v2\/tags?post=3984"}],"curies":[{"name":"wp","href":"https:\/\/api.w.org\/{rel}","templated":true}]}}