{"id":39828,"date":"2017-07-12T13:26:38","date_gmt":"2017-07-12T18:26:38","guid":{"rendered":"https:\/\/radiowebmx.com\/nota\/?p=39828"},"modified":"2017-07-12T13:48:46","modified_gmt":"2017-07-12T18:48:46","slug":"inaugura-iifeem-aula-cocina-en-tuzantla","status":"publish","type":"post","link":"https:\/\/radiowebmx.com\/nota\/inaugura-iifeem-aula-cocina-en-tuzantla\/","title":{"rendered":"|Inaugura IIFEEM aula-cocina en Tuzantla"},"content":{"rendered":"<p><strong>Tuzantla, Michoac\u00e1n, a 12 de julio de 2017.-\u00a0<\/strong>En gira de trabajo por este municipio, la directora general del Instituto de la Infraestructura F\u00edsica Educativa del Estado de Michoac\u00e1n (IIFEEM), Mar\u00eda Guadalupe D\u00edaz Chagolla, inaugur\u00f3 un aula-cocina construida y equipada en el Jard\u00edn de Ni\u00f1os \u201cGregorio L\u00f3pez y Fuentes\u201d, ubicada en la comunidad de Las Juntas de los Tanques.<br \/>\n<a href=\"https:\/\/radiowebmx.com\/nota\/wp-content\/uploads\/2017\/07\/a0e8e0e3-2c60-4c78-be55-a616e026a4ed.jpeg\"><img loading=\"lazy\" decoding=\"async\" class=\"alignnone size-medium wp-image-39832\" src=\"https:\/\/radiowebmx.com\/nota\/wp-content\/uploads\/2017\/07\/a0e8e0e3-2c60-4c78-be55-a616e026a4ed-595x530.jpeg\" alt=\"\" width=\"595\" height=\"530\" srcset=\"https:\/\/radiowebmx.com\/nota\/wp-content\/uploads\/2017\/07\/a0e8e0e3-2c60-4c78-be55-a616e026a4ed-595x530.jpeg 595w, https:\/\/radiowebmx.com\/nota\/wp-content\/uploads\/2017\/07\/a0e8e0e3-2c60-4c78-be55-a616e026a4ed.jpeg 709w\" sizes=\"auto, (max-width: 595px) 100vw, 595px\" \/><\/a><br \/>\nEn\u00a0 compa\u00f1\u00eda del presidente municipal Octavio Ocampo C\u00f3rdova, la funcionaria estatal destac\u00f3 que una de las prioridades del Gobernador Silvano Aureoles Conejo es dignificar los espacios educativos.<\/p>\n<p>\u201cHoy se refrenda este compromiso con los ni\u00f1os y ni\u00f1as de Tuzantla, quienes tendr\u00e1n un espacio apropiado y digno para consumir sus alimentos y con ello fortalecer su desempe\u00f1o escolar\u201d, resalt\u00f3 la titular del IIFEEM, y detall\u00f3 que esta obra beneficiar\u00e1 a 50 ni\u00f1as y ni\u00f1os del plantel, donde se invirtieron 498 mil 812 pesos a trav\u00e9s del programa Escuelas al CIEN.<\/p>\n<p>El alcalde agradeci\u00f3 el apoyo al Gobierno del Estado, ya que a trav\u00e9s del IIFEEM se ha apoyado con infraestructura en todos los niveles educativos. Resalt\u00f3 que el trabajo coordinado entre los tres \u00f3rdenes de gobierno beneficia a la gente que m\u00e1s lo necesita y mejora la calidad de vida de la poblaci\u00f3n.<\/p>\n<p>La directora del preescolar, Reyna Ruiz Gama, reconoci\u00f3 el compromiso del Gobernador Silvano Aureoles Conejo para mejorar las condiciones de las escuelas, y se\u00f1al\u00f3 que las y los ni\u00f1os del plantel ahora tendr\u00e1n una alimentaci\u00f3n m\u00e1s completa y saludable.<\/p>\n","protected":false},"excerpt":{"rendered":"<p>Tuzantla, Michoac\u00e1n, a 12 de julio de 2017.-\u00a0En gira de trabajo por este municipio, la directora general del Instituto de la Infraestructura F\u00edsica Educativa del Estado de Michoac\u00e1n (IIFEEM), Mar\u00eda Guadalupe D\u00edaz Chagolla, inaugur\u00f3 un aula-cocina construida y equipada en el Jard\u00edn de Ni\u00f1os \u201cGregorio L\u00f3pez y Fuentes\u201d, ubicada en la comunidad de Las Juntas [&hellip;]<\/p>\n","protected":false},"author":2,"featured_media":39831,"comment_status":"closed","ping_status":"closed","sticky":false,"template":"","format":"standard","meta":{"footnotes":""},"categories":[14,3,60],"tags":[],"class_list":["post-39828","post","type-post","status-publish","format-standard","has-post-thumbnail","hentry","category-destacadas","category-gobierno-del-estado-de-michoacan","category-michoacan"],"_links":{"self":[{"href":"https:\/\/radiowebmx.com\/nota\/wp-json\/wp\/v2\/posts\/39828","targetHints":{"allow":["GET"]}}],"collection":[{"href":"https:\/\/radiowebmx.com\/nota\/wp-json\/wp\/v2\/posts"}],"about":[{"href":"https:\/\/radiowebmx.com\/nota\/wp-json\/wp\/v2\/types\/post"}],"author":[{"embeddable":true,"href":"https:\/\/radiowebmx.com\/nota\/wp-json\/wp\/v2\/users\/2"}],"replies":[{"embeddable":true,"href":"https:\/\/radiowebmx.com\/nota\/wp-json\/wp\/v2\/comments?post=39828"}],"version-history":[{"count":1,"href":"https:\/\/radiowebmx.com\/nota\/wp-json\/wp\/v2\/posts\/39828\/revisions"}],"predecessor-version":[{"id":39834,"href":"https:\/\/radiowebmx.com\/nota\/wp-json\/wp\/v2\/posts\/39828\/revisions\/39834"}],"wp:featuredmedia":[{"embeddable":true,"href":"https:\/\/radiowebmx.com\/nota\/wp-json\/wp\/v2\/media\/39831"}],"wp:attachment":[{"href":"https:\/\/radiowebmx.com\/nota\/wp-json\/wp\/v2\/media?parent=39828"}],"wp:term":[{"taxonomy":"category","embeddable":true,"href":"https:\/\/radiowebmx.com\/nota\/wp-json\/wp\/v2\/categories?post=39828"},{"taxonomy":"post_tag","embeddable":true,"href":"https:\/\/radiowebmx.com\/nota\/wp-json\/wp\/v2\/tags?post=39828"}],"curies":[{"name":"wp","href":"https:\/\/api.w.org\/{rel}","templated":true}]}}