{"id":39806,"date":"2017-07-12T11:28:57","date_gmt":"2017-07-12T16:28:57","guid":{"rendered":"https:\/\/radiowebmx.com\/nota\/?p=39806"},"modified":"2017-07-12T12:06:37","modified_gmt":"2017-07-12T17:06:37","slug":"primer-semestre-del-ano-satisfactorio-para-el-imumo","status":"publish","type":"post","link":"https:\/\/radiowebmx.com\/nota\/primer-semestre-del-ano-satisfactorio-para-el-imumo\/","title":{"rendered":"Primer semestre del a\u00f1o, satisfactorio para el IMUMO"},"content":{"rendered":"<p>Derivado de las acciones que ha realizado el Gobierno de Morelia, encabezado por el Presidente Municipal, Alfonso Mart\u00ednez Alc\u00e1zar, para atender la Declaratoria de Alerta de Violencia de G\u00e9nero contra las Mujeres, siendo Morelia uno de los municipios en donde se emiti\u00f3 dicha alerta en el estado, la actual Administraci\u00f3n en cumplimiento con uno de los puntos, ha realizado la instalaci\u00f3n de M\u00f3dulos de Atenci\u00f3n Inmediata a Mujeres en la ciudad, a trav\u00e9s del Instituto de la Mujer Moreliana (IMUMO) que dirige Mar\u00eda Eugenia Romero Olvera.<\/p>\n<p>El primero de estos m\u00f3dulos se encuentra dentro de las instalaciones del Centro de Atenci\u00f3n a V\u00edctimas, otro m\u00e1s del Instituto de la Mujer Moreliana, el tercero en el fraccionamiento Villas del Pedregal y uno m\u00e1s en la Tenencia Morelos, siendo estos \u00faltimos dos, lugares donde se ha detectado un mayor \u00edndice de violencia contra las mujeres.<\/p>\n<p>Por tal motivo, el Departamento de Atenci\u00f3n M\u00e9dica tiene como principal objetivo el brindar atenci\u00f3n m\u00e9dica inmediata a mujeres que han sido v\u00edctimas de violencia, por lo que ha atendido a un total global de mil 370 usuarios en el primer semestre de 2017, de los cuales\u00a0 mil 215 han sido mujeres y 155 hombres, en conjunto con el M\u00f3dulo de Atenci\u00f3n Inmediata a Mujeres (MAI) de Villas del Pedregal y el MAI de Tenencia Morelos.<\/p>\n<p>En tanto, durante el primer semestre del a\u00f1o, se han detectado 21 casos de atenci\u00f3n inmediata a mujeres violentadas; un total de 365 mujeres en cuestiones de medicina general y un total de 34 hombres; se ha brindado 59 asesor\u00edas a mujeres de planificaci\u00f3n familiar; 265 atenciones a mujeres de orientaci\u00f3n nutricional y 38 a hombres, asimismo, se han realizado 14 campa\u00f1as de salud y 6 de nutrici\u00f3n en diferentes escuelas, comunidades, tenencias y colonias.<\/p>\n<p>Durante el primer semestre del a\u00f1o, el \u00e1rea de Asistencia Social y Psicol\u00f3gica ha brindado un total de 2 mil 830 atenciones de manera general, \u00fanicamente en las instalaciones del IMUMO, de las cuales, 2 mil 176 han sido mujeres y 654 hombres.<\/p>\n<p>Dentro del M\u00f3dulo de Atenci\u00f3n Inmediata a Mujeres en Tenencia Morelos, desde su creaci\u00f3n, se han reportado un total de 200 atenciones de manera general, de las cuales, 59 han sido mujeres y 7 hombres; por su parte el M\u00f3dulo de Atenci\u00f3n Inmediata a Mujeres en Villas del Pedregal ha generado un total de 173 atenciones de manera general, de los cuales 158 han sido mujeres y 23 hombres.<\/p>\n<p>De igual manera, durante el primer semestre del a\u00f1o 2017, el IMUMO y los M\u00f3dulos de Atenci\u00f3n Inmediata a Mujeres de Villas del Pedregal y Tenencia Morelos, han brindado un total de 3 mil 871 atenciones de manera general, de las cuales 739 fueron mujeres y 58 hombres atendidos de primera vez.<\/p>\n<p>Por su parte, el Departamento de Capacitaci\u00f3n ha impartido 53 de Autoempleo en este primer semestre del a\u00f1o en colonias como Villas del Pedregal, Loma Colorada, La Aldea, entre otras, as\u00ed como en Tenencias e Instituciones como Tenencia Morelos y el Cereso de Alto Impacto de Mujeres, logrando con esto la capacitaci\u00f3n de 937 mujeres.<\/p>\n<p>Asimismo, el IMUMO ha realizado la aplicaci\u00f3n de mil 350 encuestas a mujeres con la finalidad de crear una base de datos que genere estad\u00edsticas reales de los tipos de violencia que manifiestan sufrir las usuarias, lo que arroja que el mayor porcentaje de mujeres sufre de violencia psico-emocional, seguido de la violencia f\u00edsica y la violencia sexual.<\/p>\n<p>De esta manera, la actual Administraci\u00f3n Municipal, a trav\u00e9s del IMUMO, refrenda su compromiso de trabajar por y para las mujeres morelianas, con la finalidad de eliminar toda clase de violencia en contra de las mismas.<\/p>\n","protected":false},"excerpt":{"rendered":"<p>Derivado de las acciones que ha realizado el Gobierno de Morelia, encabezado por el Presidente Municipal, Alfonso Mart\u00ednez Alc\u00e1zar, para atender la Declaratoria de Alerta de Violencia de G\u00e9nero contra las Mujeres, siendo Morelia uno de los municipios en donde se emiti\u00f3 dicha alerta en el estado, la actual Administraci\u00f3n en cumplimiento con uno de [&hellip;]<\/p>\n","protected":false},"author":2,"featured_media":39810,"comment_status":"closed","ping_status":"closed","sticky":false,"template":"","format":"standard","meta":{"footnotes":""},"categories":[14,60,9],"tags":[],"class_list":["post-39806","post","type-post","status-publish","format-standard","has-post-thumbnail","hentry","category-destacadas","category-michoacan","category-morelia"],"_links":{"self":[{"href":"https:\/\/radiowebmx.com\/nota\/wp-json\/wp\/v2\/posts\/39806","targetHints":{"allow":["GET"]}}],"collection":[{"href":"https:\/\/radiowebmx.com\/nota\/wp-json\/wp\/v2\/posts"}],"about":[{"href":"https:\/\/radiowebmx.com\/nota\/wp-json\/wp\/v2\/types\/post"}],"author":[{"embeddable":true,"href":"https:\/\/radiowebmx.com\/nota\/wp-json\/wp\/v2\/users\/2"}],"replies":[{"embeddable":true,"href":"https:\/\/radiowebmx.com\/nota\/wp-json\/wp\/v2\/comments?post=39806"}],"version-history":[{"count":1,"href":"https:\/\/radiowebmx.com\/nota\/wp-json\/wp\/v2\/posts\/39806\/revisions"}],"predecessor-version":[{"id":39811,"href":"https:\/\/radiowebmx.com\/nota\/wp-json\/wp\/v2\/posts\/39806\/revisions\/39811"}],"wp:featuredmedia":[{"embeddable":true,"href":"https:\/\/radiowebmx.com\/nota\/wp-json\/wp\/v2\/media\/39810"}],"wp:attachment":[{"href":"https:\/\/radiowebmx.com\/nota\/wp-json\/wp\/v2\/media?parent=39806"}],"wp:term":[{"taxonomy":"category","embeddable":true,"href":"https:\/\/radiowebmx.com\/nota\/wp-json\/wp\/v2\/categories?post=39806"},{"taxonomy":"post_tag","embeddable":true,"href":"https:\/\/radiowebmx.com\/nota\/wp-json\/wp\/v2\/tags?post=39806"}],"curies":[{"name":"wp","href":"https:\/\/api.w.org\/{rel}","templated":true}]}}