{"id":39692,"date":"2017-07-11T11:10:11","date_gmt":"2017-07-11T16:10:11","guid":{"rendered":"https:\/\/radiowebmx.com\/nota\/?p=39692"},"modified":"2017-07-11T11:12:23","modified_gmt":"2017-07-11T16:12:23","slug":"gobierno-municipal-reconstruye-tramo-de-avenida-acueducto","status":"publish","type":"post","link":"https:\/\/radiowebmx.com\/nota\/gobierno-municipal-reconstruye-tramo-de-avenida-acueducto\/","title":{"rendered":"Gobierno Municipal reconstruye tramo de Avenida Acueducto"},"content":{"rendered":"<ul>\n<li>Esta importante arteria de Morelia, presentaba da\u00f1os en su superficie.<\/li>\n<\/ul>\n<p>&nbsp;<\/p>\n<div>Morelia, Mich., a 11 de julio de 2017<br \/>\nBOLET\u00cdN. 1133\/2017<\/div>\n<p>&nbsp;<\/p>\n<div>Con el objetivo de dotar a los morelianos de vialidades seguras y transitables, el Ayuntamiento de Morelia, a trav\u00e9s de la Secretar\u00eda de Desarrollo Metropolitano e Infraestructura, contin\u00faa con la rehabilitaci\u00f3n de calles y avenidas en toda la capital michoacana.<\/p>\n<p>De esta manera, la dependencia municipal realiza trabajos de reparaci\u00f3n del concreto en la Avenida Acueducto, a la altura del Centro Cultural UNAM Campus Morelia, esto, luego del da\u00f1o en el que se encuentra un peque\u00f1o tramo de esta importante arteria de la ciudad, motivo por el cual a partir de este martes y hasta el jueves, permanecer\u00e1 carrada la vialidad en el sentido de oriente a poniente.<\/p>\n<p>Al respecto, el encargado de la ejecuci\u00f3n y supervisi\u00f3n de obra p\u00fablica en el municipio, Juan Fernando Sosa Tapia, inform\u00f3 que tras evaluar la afectaci\u00f3n de la r\u00faa, en la que resultaron averiadas tres piedras que la cimientan, se har\u00e1 el remplazo de las mismas, as\u00ed como la repavimentaci\u00f3n de 40 metros cuadrados de la avenida.<\/p>\n<p>\u201cPersonal de la Secretar\u00eda efect\u00faa el bacheo de manera permanente en los cuatro sectores de la capital del estado, sin embargo, en aquellos casos donde es necesario, como en esta vialidad, se hace un trabajo m\u00e1s profundo en el \u00e1rea afectada para evitar problemas mayores, por lo que se realiza la colocaci\u00f3n de concreto\u201d, explic\u00f3.<\/p>\n<p>El funcionario municipal, detall\u00f3 que por estas acciones de rehabilitaci\u00f3n vial, se mantiene cerrado el sentido de oriente a poniente de la Avenida Acueducto, a partir de la calle Justo Mendoza hasta la Avenida Madero, el cual nuevamente se abrir\u00e1 a la circulaci\u00f3n este jueves, una vez que queden concluidos estos trabajos.<\/p>\n<p>Asimismo, apel\u00f3 por la comprensi\u00f3n de la poblaci\u00f3n, a quien invit\u00f3 a tomar medidas alternas y evitar transitar por esta vialidad, en el \u00e1nimo de causar las menores afectaciones posibles; indic\u00f3 que los automovilistas pueden circular por la Avenida Tata Vasco, tomar la calle Revillagigedo y posteriormente la Avenida Francisco I. Madero.<\/p>\n<p>Finalmente, Sosa Tapia, reiter\u00f3 el compromiso del Gobierno Municipal, por ejecutar obras de calidad e intensificar las brigadas de mantenimiento vial en todo el territorio capitalino, para dotar a los morelianos de calles y caminos en buenas condiciones.<\/p><\/div>\n","protected":false},"excerpt":{"rendered":"<p>Esta importante arteria de Morelia, presentaba da\u00f1os en su superficie. &nbsp; Morelia, Mich., a 11 de julio de 2017 BOLET\u00cdN. 1133\/2017 &nbsp; Con el objetivo de dotar a los morelianos de vialidades seguras y transitables, el Ayuntamiento de Morelia, a trav\u00e9s de la Secretar\u00eda de Desarrollo Metropolitano e Infraestructura, contin\u00faa con la rehabilitaci\u00f3n de calles [&hellip;]<\/p>\n","protected":false},"author":2,"featured_media":39693,"comment_status":"closed","ping_status":"closed","sticky":false,"template":"","format":"standard","meta":{"footnotes":""},"categories":[14,60,9],"tags":[],"class_list":["post-39692","post","type-post","status-publish","format-standard","has-post-thumbnail","hentry","category-destacadas","category-michoacan","category-morelia"],"_links":{"self":[{"href":"https:\/\/radiowebmx.com\/nota\/wp-json\/wp\/v2\/posts\/39692","targetHints":{"allow":["GET"]}}],"collection":[{"href":"https:\/\/radiowebmx.com\/nota\/wp-json\/wp\/v2\/posts"}],"about":[{"href":"https:\/\/radiowebmx.com\/nota\/wp-json\/wp\/v2\/types\/post"}],"author":[{"embeddable":true,"href":"https:\/\/radiowebmx.com\/nota\/wp-json\/wp\/v2\/users\/2"}],"replies":[{"embeddable":true,"href":"https:\/\/radiowebmx.com\/nota\/wp-json\/wp\/v2\/comments?post=39692"}],"version-history":[{"count":1,"href":"https:\/\/radiowebmx.com\/nota\/wp-json\/wp\/v2\/posts\/39692\/revisions"}],"predecessor-version":[{"id":39694,"href":"https:\/\/radiowebmx.com\/nota\/wp-json\/wp\/v2\/posts\/39692\/revisions\/39694"}],"wp:featuredmedia":[{"embeddable":true,"href":"https:\/\/radiowebmx.com\/nota\/wp-json\/wp\/v2\/media\/39693"}],"wp:attachment":[{"href":"https:\/\/radiowebmx.com\/nota\/wp-json\/wp\/v2\/media?parent=39692"}],"wp:term":[{"taxonomy":"category","embeddable":true,"href":"https:\/\/radiowebmx.com\/nota\/wp-json\/wp\/v2\/categories?post=39692"},{"taxonomy":"post_tag","embeddable":true,"href":"https:\/\/radiowebmx.com\/nota\/wp-json\/wp\/v2\/tags?post=39692"}],"curies":[{"name":"wp","href":"https:\/\/api.w.org\/{rel}","templated":true}]}}