{"id":39673,"date":"2017-07-10T16:56:49","date_gmt":"2017-07-10T21:56:49","guid":{"rendered":"https:\/\/radiowebmx.com\/nota\/?p=39673"},"modified":"2017-07-11T10:58:08","modified_gmt":"2017-07-11T15:58:08","slug":"gobierno-municipal-se-suma-a-carrera-atletica-que-promueve-los-derechos-humanos","status":"publish","type":"post","link":"https:\/\/radiowebmx.com\/nota\/gobierno-municipal-se-suma-a-carrera-atletica-que-promueve-los-derechos-humanos\/","title":{"rendered":"Gobierno Municipal se suma a carrera atl\u00e9tica que promueve los Derechos Humanos"},"content":{"rendered":"<ul>\n<li>Alrededor de mil corredores se espera se registren para esta justa deportiva.<\/li>\n<\/ul>\n<p>&nbsp;<\/p>\n<div>Morelia, Mich., a 10 de julio de 2017<br \/>\nBOLET\u00cdN 1129\/2017<\/div>\n<p>&nbsp;<\/p>\n<div>El Gobierno Municipal se suma y brinda las facilidades para la carrera deportiva \u201cRocky Run, saca el campe\u00f3n que llevas dentro\u201d, la cual se realizar\u00e1 el pr\u00f3ximo 30 de julio del presente a\u00f1o y cuya ruta contempla un recorrido que parte desde Catedral en sus dos modalidades 5 y 10 km.<br \/>\n<a href=\"https:\/\/radiowebmx.com\/nota\/wp-content\/uploads\/2017\/07\/2715c8e1-d18c-454c-ba6e-682bb5dd6581.jpeg\"><img loading=\"lazy\" decoding=\"async\" class=\"alignnone size-medium wp-image-39675\" src=\"https:\/\/radiowebmx.com\/nota\/wp-content\/uploads\/2017\/07\/2715c8e1-d18c-454c-ba6e-682bb5dd6581-595x524.jpeg\" alt=\"\" width=\"595\" height=\"524\" srcset=\"https:\/\/radiowebmx.com\/nota\/wp-content\/uploads\/2017\/07\/2715c8e1-d18c-454c-ba6e-682bb5dd6581-595x524.jpeg 595w, https:\/\/radiowebmx.com\/nota\/wp-content\/uploads\/2017\/07\/2715c8e1-d18c-454c-ba6e-682bb5dd6581.jpeg 709w\" sizes=\"auto, (max-width: 595px) 100vw, 595px\" \/><\/a><\/div>\n<div>Acompa\u00f1ada por la Presidenta del Comit\u00e9 Interinstitucional en Materia de Trata de\u00a0 Personas del Estado de Michoac\u00e1n (COTRAPEM) y Delegada del Instituto Nacional de Migraci\u00f3n, Elsa Gurrola Ibarrola; el Director de la Fundaci\u00f3n Mexicana para el Deporte y la Salud, Mario Alberto Reynoso Ochoa y el Director Operativo del IMDE, Osvaldo Castro Nieves, Emilia Bucio Pi\u00f1\u00f3n, Directora de Derechos Humanos, Mediaci\u00f3n y Conciliaci\u00f3n, record\u00f3 que ser\u00e1 la primera ocasi\u00f3n que este evento tendr\u00e1 lugar en la capital del estado.<\/p>\n<p>Asimismo, organizadores destacaron que esta carrera se trasladar\u00e1 posteriormente a la Ciudad de M\u00e9xico y Guadalajara, pero s\u00f3lo en Morelia llevar\u00e1 esta tem\u00e1tica de prevenci\u00f3n a esta problem\u00e1tica, en el marco del D\u00eda Mundial contra la Trata de Personas a conmemorarse el domingo 30 de julio.<\/p>\n<p>Es importante resaltar que existen diferentes modalidades de trata de personas, que son: Esclavitud; Explotaci\u00f3n Laboral; Prostituci\u00f3n u otras formas de explotaci\u00f3n sexual; Trabajos o servicios forzados; y Extracci\u00f3n de \u00d3rganos.<\/p>\n<p>A los interesados y solicitantes de mayores informes de esta carrera deportiva, podr\u00e1n encontrar detalles en la p\u00e1gina web www.rockyrun.com.mx.<\/p><\/div>\n","protected":false},"excerpt":{"rendered":"<p>Alrededor de mil corredores se espera se registren para esta justa deportiva. &nbsp; Morelia, Mich., a 10 de julio de 2017 BOLET\u00cdN 1129\/2017 &nbsp; El Gobierno Municipal se suma y brinda las facilidades para la carrera deportiva \u201cRocky Run, saca el campe\u00f3n que llevas dentro\u201d, la cual se realizar\u00e1 el pr\u00f3ximo 30 de julio del [&hellip;]<\/p>\n","protected":false},"author":2,"featured_media":39674,"comment_status":"closed","ping_status":"closed","sticky":false,"template":"","format":"standard","meta":{"footnotes":""},"categories":[14,60,9],"tags":[],"class_list":["post-39673","post","type-post","status-publish","format-standard","has-post-thumbnail","hentry","category-destacadas","category-michoacan","category-morelia"],"_links":{"self":[{"href":"https:\/\/radiowebmx.com\/nota\/wp-json\/wp\/v2\/posts\/39673","targetHints":{"allow":["GET"]}}],"collection":[{"href":"https:\/\/radiowebmx.com\/nota\/wp-json\/wp\/v2\/posts"}],"about":[{"href":"https:\/\/radiowebmx.com\/nota\/wp-json\/wp\/v2\/types\/post"}],"author":[{"embeddable":true,"href":"https:\/\/radiowebmx.com\/nota\/wp-json\/wp\/v2\/users\/2"}],"replies":[{"embeddable":true,"href":"https:\/\/radiowebmx.com\/nota\/wp-json\/wp\/v2\/comments?post=39673"}],"version-history":[{"count":1,"href":"https:\/\/radiowebmx.com\/nota\/wp-json\/wp\/v2\/posts\/39673\/revisions"}],"predecessor-version":[{"id":39676,"href":"https:\/\/radiowebmx.com\/nota\/wp-json\/wp\/v2\/posts\/39673\/revisions\/39676"}],"wp:featuredmedia":[{"embeddable":true,"href":"https:\/\/radiowebmx.com\/nota\/wp-json\/wp\/v2\/media\/39674"}],"wp:attachment":[{"href":"https:\/\/radiowebmx.com\/nota\/wp-json\/wp\/v2\/media?parent=39673"}],"wp:term":[{"taxonomy":"category","embeddable":true,"href":"https:\/\/radiowebmx.com\/nota\/wp-json\/wp\/v2\/categories?post=39673"},{"taxonomy":"post_tag","embeddable":true,"href":"https:\/\/radiowebmx.com\/nota\/wp-json\/wp\/v2\/tags?post=39673"}],"curies":[{"name":"wp","href":"https:\/\/api.w.org\/{rel}","templated":true}]}}