{"id":3967,"date":"2013-09-23T12:54:10","date_gmt":"2013-09-23T17:54:10","guid":{"rendered":"https:\/\/radiowebmx.com\/nota\/?p=3967"},"modified":"2013-09-23T12:55:56","modified_gmt":"2013-09-23T17:55:56","slug":"entregan-apoyos-por-las-de-800-mil-pesos-para-impulsar-25-empresas-sociales-dirigidas-por-jovenes","status":"publish","type":"post","link":"https:\/\/radiowebmx.com\/nota\/entregan-apoyos-por-las-de-800-mil-pesos-para-impulsar-25-empresas-sociales-dirigidas-por-jovenes\/","title":{"rendered":"ENTREGAN APOYOS POR LAS DE 800 MIL PESOS PARA IMPULSAR 25 EMPRESAS SOCIALES DIRIGIDAS POR J\u00d3VENES"},"content":{"rendered":"<p><a href=\"https:\/\/radiowebmx.com\/nota\/wp-content\/uploads\/2013\/09\/photo.jpg\"><img loading=\"lazy\" decoding=\"async\" class=\"alignleft size-full wp-image-3968\" alt=\"photo\" src=\"https:\/\/radiowebmx.com\/nota\/wp-content\/uploads\/2013\/09\/photo.jpg\" width=\"591\" height=\"269\" \/><\/a>Con un recursos de 815 mil 840 pesos fueron apoyadas 25 empresas sociales dirigidas por j\u00f3venes michoacanos, dentro del Programa Impulso M\u00e9xico, esquema ejecutado por el Gobierno de la Rep\u00fablica mediante el Instituto Mexicano de la Juventud (IMJUVE), en colaboraci\u00f3n con el Gobierno del Estado a trav\u00e9s de la Secretar\u00eda de los J\u00f3venes (Sejoven).<\/p>\n<p>El secretario de los J\u00f3venes, Francisco Xavier Lara Medina, destac\u00f3 la colaboraci\u00f3n estrecha entre los niveles Federal y Estatal, en seguimiento a dos de los principales encargos del gobernador Jes\u00fas Reyna Garc\u00eda: uno, el generar buenas noticias sobre Michoac\u00e1n mediante el impulso a los proyectos de los j\u00f3venes;\u00a0 y dos, proveerles del apoyo necesario para desarrollar sus capacidades, mediante la atracci\u00f3n este tipo de convocatorias.<\/p>\n<p>\u201cEs necesario trabajar hombro con hombro con todos y cada uno de los funcionarios p\u00fablicos, para que cada vez sean m\u00e1s las Organizaciones y Asociaciones Juveniles las beneficiadas con estos apoyos\u201d, se\u00f1al\u00f3 el titular de SEJOVEN.<\/p>\n<p>Durante su intervenci\u00f3n, Alfredo Reyna Vera, coordinador de Organizaci\u00f3n y Participaci\u00f3n Social de Sejoven, resalt\u00f3 el proceso a seguir para llegar a este d\u00eda en donde se reconoce a las Asociaciones Civiles y Organizaciones, el esfuerzo que emprenden en favor de los j\u00f3venes de los distintos municipios a los que pertenecen y que hoy comienza con la ministraci\u00f3n del recurso.<\/p>\n<p>Agreg\u00f3 que fue mediante la convocatoria que instrumenta el IMJUVE, dirigida a Organizaciones y Asociaciones Civiles Juveniles, como se convoc\u00f3 a la sociedad organizada para buscar recursos que les permitan continuar con su noble labor, pues son trabajos realizados sin fines de lucro.<\/p>\n<p>La Convocatoria divide a las organizaciones postulantes en cuatro categor\u00edas: la \u201cA\u201d, para Grupos no constituidos legalmente conformados por 5 integrantes como m\u00ednimo; \u201cB\u201d, organizaciones que tengan menos de dos a\u00f1os de haberse constituido legalmente; \u201cC\u201d organizaciones que tengan de dos a cinco a\u00f1os de haberse constituido legalmente; y \u201cD\u201d, organizaciones que tengan de cinco a m\u00e1s a\u00f1os de haberse constituido legalmente.<\/p>\n<p>Los montos a los cuales pueden ser acreedores por cada categor\u00eda son:<\/p>\n<p>Categor\u00eda A, desde 15 mil hasta 30 mil pesos.<\/p>\n<p>Categor\u00eda B, desde 35 mil hasta 70 mil pesos.<\/p>\n<p>Categor\u00eda C, desde 50 mil hasta 100 mil pesos.<\/p>\n<p>Categor\u00eda D, desde 75 mil hasta 150 mil pesos.<\/p>\n<p>Las tem\u00e1ticas en las que participaron las Organizaciones y Asociaciones Civiles Juveniles fueron Promoci\u00f3n de Salud Integral, Participaci\u00f3n Juvenil, Formaci\u00f3n Ciudadana, Entornos Favorables para los J\u00f3venes y Educaci\u00f3n Integral. Cabe resaltar que cada tem\u00e1tica cuenta con distintos subtemas.<\/p>\n<p>Al t\u00e9rmino de la entrega de los apoyos, Manfred Celis Villareal, subdirector de Apoyo a Proyectos Juveniles del IMJUVE, agradeci\u00f3 al titular de la Sejoven Francisco Xavier Lara, por la atenci\u00f3n que brind\u00f3 al personal del IMJUVE, as\u00ed como a Alfredo Reyna Vera, por su notable compromiso por ayudar en la difusi\u00f3n de la convocatoria a cada Organizaci\u00f3n, Asociaci\u00f3n Civil y j\u00f3venes interesados.<\/p>\n<p>Es de recordar que en 2012 participaron en esta convocatoria 16 proyectos de los cuales s\u00f3lo resultaron aprobados 6, con un apoyo de 299 mil pesos; mientras que este a\u00f1o se lograron registrar 54 proyectos participantes, de los cuales fueron avalados y aprobados 25.<\/p>\n","protected":false},"excerpt":{"rendered":"<p>Con un recursos de 815 mil 840 pesos fueron apoyadas 25 empresas sociales dirigidas por j\u00f3venes michoacanos, dentro del Programa Impulso M\u00e9xico, esquema ejecutado por el Gobierno de la Rep\u00fablica mediante el Instituto Mexicano de la Juventud (IMJUVE), en colaboraci\u00f3n con el Gobierno del Estado a trav\u00e9s de la Secretar\u00eda de los J\u00f3venes (Sejoven). El [&hellip;]<\/p>\n","protected":false},"author":1,"featured_media":0,"comment_status":"open","ping_status":"open","sticky":false,"template":"","format":"standard","meta":{"footnotes":""},"categories":[14,3],"tags":[],"class_list":["post-3967","post","type-post","status-publish","format-standard","hentry","category-destacadas","category-gobierno-del-estado-de-michoacan"],"_links":{"self":[{"href":"https:\/\/radiowebmx.com\/nota\/wp-json\/wp\/v2\/posts\/3967","targetHints":{"allow":["GET"]}}],"collection":[{"href":"https:\/\/radiowebmx.com\/nota\/wp-json\/wp\/v2\/posts"}],"about":[{"href":"https:\/\/radiowebmx.com\/nota\/wp-json\/wp\/v2\/types\/post"}],"author":[{"embeddable":true,"href":"https:\/\/radiowebmx.com\/nota\/wp-json\/wp\/v2\/users\/1"}],"replies":[{"embeddable":true,"href":"https:\/\/radiowebmx.com\/nota\/wp-json\/wp\/v2\/comments?post=3967"}],"version-history":[{"count":3,"href":"https:\/\/radiowebmx.com\/nota\/wp-json\/wp\/v2\/posts\/3967\/revisions"}],"predecessor-version":[{"id":3970,"href":"https:\/\/radiowebmx.com\/nota\/wp-json\/wp\/v2\/posts\/3967\/revisions\/3970"}],"wp:attachment":[{"href":"https:\/\/radiowebmx.com\/nota\/wp-json\/wp\/v2\/media?parent=3967"}],"wp:term":[{"taxonomy":"category","embeddable":true,"href":"https:\/\/radiowebmx.com\/nota\/wp-json\/wp\/v2\/categories?post=3967"},{"taxonomy":"post_tag","embeddable":true,"href":"https:\/\/radiowebmx.com\/nota\/wp-json\/wp\/v2\/tags?post=3967"}],"curies":[{"name":"wp","href":"https:\/\/api.w.org\/{rel}","templated":true}]}}