{"id":39669,"date":"2017-07-10T16:40:36","date_gmt":"2017-07-10T21:40:36","guid":{"rendered":"https:\/\/radiowebmx.com\/nota\/?p=39669"},"modified":"2017-07-11T10:55:41","modified_gmt":"2017-07-11T15:55:41","slug":"anuncian-reforestacion-y-carrera-atletica-para-conmemorar-el-dia-nacional-del-arbol","status":"publish","type":"post","link":"https:\/\/radiowebmx.com\/nota\/anuncian-reforestacion-y-carrera-atletica-para-conmemorar-el-dia-nacional-del-arbol\/","title":{"rendered":"Anuncian reforestaci\u00f3n y carrera atl\u00e9tica para conmemorar el D\u00eda Nacional del \u00c1rbol"},"content":{"rendered":"<ul>\n<li>Este jueves, plantaci\u00f3n masiva de 5 mil arbolitos en la comunidad moreliana de Tiristar\u00e1n; el domingo, \u201cCorre, Trota y Camina\u201d en el primer cuadro de la capital michoacana.<\/li>\n<\/ul>\n<p>&nbsp;<\/p>\n<p><strong>Morelia, Michoac\u00e1n, a 10 de julio de 2017.-<\/strong>\u00a0Michoac\u00e1n conmemorar\u00e1 el D\u00eda Nacional del \u00c1rbol con una plantaci\u00f3n masiva de 5 mil arbolitos, en un evento a celebrarse este jueves en la comunidad de Tiristar\u00e1n, municipio de Morelia; adem\u00e1s, el domingo 16 tendr\u00e1 lugar la segunda carrera atl\u00e9tica \u201cCorre, Trota y Camina\u201d.<\/p>\n<p><a href=\"https:\/\/radiowebmx.com\/nota\/wp-content\/uploads\/2017\/07\/31c09c0c-b77e-4674-8d68-9b0d98da4f54.jpg\"><img loading=\"lazy\" decoding=\"async\" class=\"alignnone size-medium wp-image-39671\" src=\"https:\/\/radiowebmx.com\/nota\/wp-content\/uploads\/2017\/07\/31c09c0c-b77e-4674-8d68-9b0d98da4f54-595x479.jpg\" alt=\"\" width=\"595\" height=\"479\" srcset=\"https:\/\/radiowebmx.com\/nota\/wp-content\/uploads\/2017\/07\/31c09c0c-b77e-4674-8d68-9b0d98da4f54-595x479.jpg 595w, https:\/\/radiowebmx.com\/nota\/wp-content\/uploads\/2017\/07\/31c09c0c-b77e-4674-8d68-9b0d98da4f54.jpg 709w\" sizes=\"auto, (max-width: 595px) 100vw, 595px\" \/><\/a><\/p>\n<p>En conferencia de prensa, el director general de la Cofom, Roberto P\u00e9rez Medrano, destac\u00f3 el compromiso del Gobierno del Estado, que encabeza Silvano Aureoles Conejo con el cuidado del medio ambiente y el trabajo conjunto con la sociedad.<\/p>\n<p>&nbsp;<\/p>\n<p>Detall\u00f3 que la plantaci\u00f3n masiva de 5 mil arbolitos forma parte de la Campa\u00f1a Estatal de Reforestaci\u00f3n 2017, que contempla atender m\u00e1s de 60 municipios que requieren acciones de regeneraci\u00f3n de la cubierta forestal, da\u00f1ada por el cambio ilegal de uso de suelo o la tala clandestina.<\/p>\n<p>&nbsp;<\/p>\n<p>De su lado, el titular de la Secretar\u00eda de Medio Ambiente, Cambio Clim\u00e1tico y Desarrollo Territorial, Ricardo Luna Garc\u00eda, resalt\u00f3 la coordinaci\u00f3n y vinculaci\u00f3n de los tres \u00f3rdenes de gobierno para frenar el deterioro de los recursos naturales, que en este a\u00f1o permiti\u00f3 enfrentar con fuerza la temporada de incendios forestales.<\/p>\n<p>&nbsp;<\/p>\n<p>Subray\u00f3 que este 2017, la Campa\u00f1a Estatal de Reforestaci\u00f3n ser\u00e1 integral e eminentemente ciudadana, y record\u00f3 que ser\u00e1n plantados 25 millones de arbolitos con la aportaci\u00f3n y suma de esfuerzos de los tres \u00f3rdenes de gobierno, ejidos, comunidades y asociaciones civiles.<\/p>\n<p>&nbsp;<\/p>\n<p>Mientras que la directora general de la Comisi\u00f3n Estatal de Cultura F\u00edsica y Deporte, Edna D\u00edaz Acevedo, refiri\u00f3 que la carrera atl\u00e9tica programada para el domingo pr\u00f3ximo en esta ciudad ser\u00e1 para hombres y mujeres, tendr\u00e1 un recorrido de cinco kil\u00f3metros con salida en la sede de la Cofom (en el Bosque Cuauht\u00e9moc) para enseguida tomar avenida Acueducto, retornar en el estadio Venustiano Carranza rumbo a la plaza de Villalong\u00edn, y culminar en el punto de partida.<\/p>\n<p>&nbsp;<\/p>\n<p>Precis\u00f3 que la carrera iniciar\u00e1 a las 08:00 horas y estim\u00f3 que participar\u00e1n alrededor de mil 200 atletas. Las inscripciones son gratuitas, ya est\u00e1n abiertas y pueden realizarse en las instalaciones de la Cofom en horario de oficina.<\/p>\n<p>&nbsp;<\/p>\n<p>A la conferencia de prensa tambi\u00e9n asistieron los titulares de la gerencia estatal en Michoac\u00e1n de la Comisi\u00f3n Nacional Forestal, Osvaldo Fern\u00e1ndez Orozco; el titular de la Procuradur\u00eda de Protecci\u00f3n al Ambiente, Juan Carlos Vega Sol\u00f3rzano; y el director de Medio Ambiente del Ayuntamiento de Morelia, Marco Tulio Campos.<\/p>\n","protected":false},"excerpt":{"rendered":"<p>Este jueves, plantaci\u00f3n masiva de 5 mil arbolitos en la comunidad moreliana de Tiristar\u00e1n; el domingo, \u201cCorre, Trota y Camina\u201d en el primer cuadro de la capital michoacana. &nbsp; Morelia, Michoac\u00e1n, a 10 de julio de 2017.-\u00a0Michoac\u00e1n conmemorar\u00e1 el D\u00eda Nacional del \u00c1rbol con una plantaci\u00f3n masiva de 5 mil arbolitos, en un evento a [&hellip;]<\/p>\n","protected":false},"author":2,"featured_media":39670,"comment_status":"closed","ping_status":"closed","sticky":false,"template":"","format":"standard","meta":{"footnotes":""},"categories":[14,3,60],"tags":[],"class_list":["post-39669","post","type-post","status-publish","format-standard","has-post-thumbnail","hentry","category-destacadas","category-gobierno-del-estado-de-michoacan","category-michoacan"],"_links":{"self":[{"href":"https:\/\/radiowebmx.com\/nota\/wp-json\/wp\/v2\/posts\/39669","targetHints":{"allow":["GET"]}}],"collection":[{"href":"https:\/\/radiowebmx.com\/nota\/wp-json\/wp\/v2\/posts"}],"about":[{"href":"https:\/\/radiowebmx.com\/nota\/wp-json\/wp\/v2\/types\/post"}],"author":[{"embeddable":true,"href":"https:\/\/radiowebmx.com\/nota\/wp-json\/wp\/v2\/users\/2"}],"replies":[{"embeddable":true,"href":"https:\/\/radiowebmx.com\/nota\/wp-json\/wp\/v2\/comments?post=39669"}],"version-history":[{"count":1,"href":"https:\/\/radiowebmx.com\/nota\/wp-json\/wp\/v2\/posts\/39669\/revisions"}],"predecessor-version":[{"id":39672,"href":"https:\/\/radiowebmx.com\/nota\/wp-json\/wp\/v2\/posts\/39669\/revisions\/39672"}],"wp:featuredmedia":[{"embeddable":true,"href":"https:\/\/radiowebmx.com\/nota\/wp-json\/wp\/v2\/media\/39670"}],"wp:attachment":[{"href":"https:\/\/radiowebmx.com\/nota\/wp-json\/wp\/v2\/media?parent=39669"}],"wp:term":[{"taxonomy":"category","embeddable":true,"href":"https:\/\/radiowebmx.com\/nota\/wp-json\/wp\/v2\/categories?post=39669"},{"taxonomy":"post_tag","embeddable":true,"href":"https:\/\/radiowebmx.com\/nota\/wp-json\/wp\/v2\/tags?post=39669"}],"curies":[{"name":"wp","href":"https:\/\/api.w.org\/{rel}","templated":true}]}}