{"id":39662,"date":"2017-07-10T15:20:47","date_gmt":"2017-07-10T20:20:47","guid":{"rendered":"https:\/\/radiowebmx.com\/nota\/?p=39662"},"modified":"2017-07-11T10:47:53","modified_gmt":"2017-07-11T15:47:53","slug":"cedemun-y-el-iem-capacitaran-a-autoridades-municipales-sobre-reeleccion","status":"publish","type":"post","link":"https:\/\/radiowebmx.com\/nota\/cedemun-y-el-iem-capacitaran-a-autoridades-municipales-sobre-reeleccion\/","title":{"rendered":"Cedemun y el IEM capacitar\u00e1n a autoridades municipales sobre reelecci\u00f3n"},"content":{"rendered":"<p><strong>Morelia, Michoac\u00e1n, a 10 de julio de 2017.-\u00a0<\/strong>El Centro Estatal para el Desarrollo Municipal (Cedemun), en coordinaci\u00f3n con el Instituto Electoral del Estado de Michoac\u00e1n (IEM), trabaja en la planeaci\u00f3n de una serie de capacitaciones dirigida a presidentes municipales, s\u00edndicas, s\u00edndicos, regidoras y regidores de los ayuntamientos michoacanos sobre la reelecci\u00f3n en los comicios del a\u00f1o pr\u00f3ximo.<\/p>\n<p>El vocal ejecutivo del Cedemun, Carlos Paredes Correa, se\u00f1al\u00f3 que las autoridades municipales deben conocer los procedimientos a seguir en este rubro, independientemente de que tengan o no la intenci\u00f3n de reelegirse en su cargo, para evitar alguna violaci\u00f3n a la ley.<\/p>\n<p>\u201cEn coordinaci\u00f3n con el IEM se busca garantizar que los servidores p\u00fablicos conozcan con puntualidad lo establecido sobre la reelecci\u00f3n legislativa, de cabildos y presidencias municipales, que resuelvan sus dudas de cu\u00e1ndo pedir licencia y todo el tr\u00e1mite correspondiente, pues es algo nuevo para muchos de los funcionarios\u201d, puntualiz\u00f3.<\/p>\n<p>Anunci\u00f3 que este martes a las 09:00 horas\u00a0\u00a0en las instalaciones del Cedemun se realizar\u00e1 la primera capacitaci\u00f3n sobre \u201cLa reelecci\u00f3n en Michoac\u00e1n 2018\u201d, a la que asistir\u00e1n funcionarios de 25 municipios aleda\u00f1os a Morelia. En total, precis\u00f3, se realizar\u00e1n seis capacitaciones regionales.<\/p>\n","protected":false},"excerpt":{"rendered":"<p>Morelia, Michoac\u00e1n, a 10 de julio de 2017.-\u00a0El Centro Estatal para el Desarrollo Municipal (Cedemun), en coordinaci\u00f3n con el Instituto Electoral del Estado de Michoac\u00e1n (IEM), trabaja en la planeaci\u00f3n de una serie de capacitaciones dirigida a presidentes municipales, s\u00edndicas, s\u00edndicos, regidoras y regidores de los ayuntamientos michoacanos sobre la reelecci\u00f3n en los comicios del [&hellip;]<\/p>\n","protected":false},"author":2,"featured_media":39663,"comment_status":"closed","ping_status":"closed","sticky":false,"template":"","format":"standard","meta":{"footnotes":""},"categories":[14,3,60],"tags":[],"class_list":["post-39662","post","type-post","status-publish","format-standard","has-post-thumbnail","hentry","category-destacadas","category-gobierno-del-estado-de-michoacan","category-michoacan"],"_links":{"self":[{"href":"https:\/\/radiowebmx.com\/nota\/wp-json\/wp\/v2\/posts\/39662","targetHints":{"allow":["GET"]}}],"collection":[{"href":"https:\/\/radiowebmx.com\/nota\/wp-json\/wp\/v2\/posts"}],"about":[{"href":"https:\/\/radiowebmx.com\/nota\/wp-json\/wp\/v2\/types\/post"}],"author":[{"embeddable":true,"href":"https:\/\/radiowebmx.com\/nota\/wp-json\/wp\/v2\/users\/2"}],"replies":[{"embeddable":true,"href":"https:\/\/radiowebmx.com\/nota\/wp-json\/wp\/v2\/comments?post=39662"}],"version-history":[{"count":1,"href":"https:\/\/radiowebmx.com\/nota\/wp-json\/wp\/v2\/posts\/39662\/revisions"}],"predecessor-version":[{"id":39664,"href":"https:\/\/radiowebmx.com\/nota\/wp-json\/wp\/v2\/posts\/39662\/revisions\/39664"}],"wp:featuredmedia":[{"embeddable":true,"href":"https:\/\/radiowebmx.com\/nota\/wp-json\/wp\/v2\/media\/39663"}],"wp:attachment":[{"href":"https:\/\/radiowebmx.com\/nota\/wp-json\/wp\/v2\/media?parent=39662"}],"wp:term":[{"taxonomy":"category","embeddable":true,"href":"https:\/\/radiowebmx.com\/nota\/wp-json\/wp\/v2\/categories?post=39662"},{"taxonomy":"post_tag","embeddable":true,"href":"https:\/\/radiowebmx.com\/nota\/wp-json\/wp\/v2\/tags?post=39662"}],"curies":[{"name":"wp","href":"https:\/\/api.w.org\/{rel}","templated":true}]}}