{"id":39647,"date":"2017-07-10T13:27:29","date_gmt":"2017-07-10T18:27:29","guid":{"rendered":"https:\/\/radiowebmx.com\/nota\/?p=39647"},"modified":"2017-07-10T14:37:21","modified_gmt":"2017-07-10T19:37:21","slug":"realiza-cobaem-encuentro-estatal-de-presidentes-y-secretarios-de-academia","status":"publish","type":"post","link":"https:\/\/radiowebmx.com\/nota\/realiza-cobaem-encuentro-estatal-de-presidentes-y-secretarios-de-academia\/","title":{"rendered":"Realiza Cobaem Encuentro Estatal de Presidentes y Secretarios de Academia"},"content":{"rendered":"<ul>\n<li>Se imparti\u00f3 el taller \u201cNuevo Modelo Educativo y Curr\u00edculo de la Educaci\u00f3n Media Superior\u201d.<\/li>\n<\/ul>\n<p><strong>P\u00e1tzcuaro, Michoac\u00e1n, a 10 de julio de 2017.-<\/strong>\u00a0Con el objetivo de dise\u00f1ar y evaluar proyectos integradores transversales para la vinculaci\u00f3n con la comunidad y solucionar las problem\u00e1ticas que inciden en la formaci\u00f3n integral de los alumnos del Colegio de Bachilleres del Estado de Michoac\u00e1n (Cobaem), la Direcci\u00f3n Acad\u00e9mica de esta instituci\u00f3n convoc\u00f3 al Encuentro Estatal de Presidentes y Secretarios de Academia de Plantel.<br \/>\n<a href=\"https:\/\/radiowebmx.com\/nota\/wp-content\/uploads\/2017\/07\/4171e764-2c7c-44ee-97f4-1d63594e8698.jpg\"><img loading=\"lazy\" decoding=\"async\" class=\"alignnone size-medium wp-image-39649\" src=\"https:\/\/radiowebmx.com\/nota\/wp-content\/uploads\/2017\/07\/4171e764-2c7c-44ee-97f4-1d63594e8698-595x396.jpg\" alt=\"\" width=\"595\" height=\"396\" srcset=\"https:\/\/radiowebmx.com\/nota\/wp-content\/uploads\/2017\/07\/4171e764-2c7c-44ee-97f4-1d63594e8698-595x396.jpg 595w, https:\/\/radiowebmx.com\/nota\/wp-content\/uploads\/2017\/07\/4171e764-2c7c-44ee-97f4-1d63594e8698-272x182.jpg 272w, https:\/\/radiowebmx.com\/nota\/wp-content\/uploads\/2017\/07\/4171e764-2c7c-44ee-97f4-1d63594e8698.jpg 709w\" sizes=\"auto, (max-width: 595px) 100vw, 595px\" \/><\/a><br \/>\n\u201cSiempre hemos impulsado en nuestros centros educativos la operatividad y funcionamiento de la academia, reconociendo nuestra amplia capacidad y responsabilidad como educadores, mejorando procedimientos, promoviendo la cooperaci\u00f3n y fomentando el intercambio de experiencias\u201d, indic\u00f3 el director acad\u00e9mico del Cobaem, Gonzalo Ferreyra Garc\u00eda.<\/p>\n<p>Como parte de este encuentro se llev\u00f3 a cabo el taller \u201cNuevo Modelo Educativo y Curr\u00edculo de la Educaci\u00f3n Media Superior\u201d, en el que se dieron a conocer los ejes del nuevo modelo educativo y se presentaron los elementos que conforman el nuevo curr\u00edculum de educaci\u00f3n media superior,\u00a0siendo \u00e9sta la primera etapa de una serie de talleres presenciales que realizar\u00e1 la Coordinaci\u00f3n Sectorial de Desarrollo Acad\u00e9mico.<\/p>\n<p>Por su parte, el director de Educaci\u00f3n Media Superior de la Secretar\u00eda de Educaci\u00f3n en el Estado, Gonzalo Villa Ibarra, refiri\u00f3 que la academia es el espacio donde se analiza, discute y comparten las experiencias en bien de un proceso ense\u00f1anza-aprendizaje.<\/p>\n<p>Reconoci\u00f3 el trabajo que se realiza en el Cobaem desde la academia para brindar una mejor educaci\u00f3n a las y los j\u00f3venes michoacanos y por ser la instituci\u00f3n que abre esta posibilidad para que los dem\u00e1s subsistemas se sumen a este esfuerzo.<\/p>\n<p>El taller\u00a0\u201cNuevo Modelo Educativo y Curr\u00edculo de la Educaci\u00f3n Media Superior\u201d estuvo a cargo de la asesora de la Coordinaci\u00f3n Sectorial de Desarrollo Acad\u00e9mico, Mar\u00eda del Rosario Nolasco Fonseca, con quien las y los asistentes revisaron los conceptos, elementos e informaci\u00f3n m\u00e1s relevante en este rubro.<\/p>\n","protected":false},"excerpt":{"rendered":"<p>Se imparti\u00f3 el taller \u201cNuevo Modelo Educativo y Curr\u00edculo de la Educaci\u00f3n Media Superior\u201d. P\u00e1tzcuaro, Michoac\u00e1n, a 10 de julio de 2017.-\u00a0Con el objetivo de dise\u00f1ar y evaluar proyectos integradores transversales para la vinculaci\u00f3n con la comunidad y solucionar las problem\u00e1ticas que inciden en la formaci\u00f3n integral de los alumnos del Colegio de Bachilleres del [&hellip;]<\/p>\n","protected":false},"author":2,"featured_media":39648,"comment_status":"closed","ping_status":"closed","sticky":false,"template":"","format":"standard","meta":{"footnotes":""},"categories":[14,3,60],"tags":[],"class_list":["post-39647","post","type-post","status-publish","format-standard","has-post-thumbnail","hentry","category-destacadas","category-gobierno-del-estado-de-michoacan","category-michoacan"],"_links":{"self":[{"href":"https:\/\/radiowebmx.com\/nota\/wp-json\/wp\/v2\/posts\/39647","targetHints":{"allow":["GET"]}}],"collection":[{"href":"https:\/\/radiowebmx.com\/nota\/wp-json\/wp\/v2\/posts"}],"about":[{"href":"https:\/\/radiowebmx.com\/nota\/wp-json\/wp\/v2\/types\/post"}],"author":[{"embeddable":true,"href":"https:\/\/radiowebmx.com\/nota\/wp-json\/wp\/v2\/users\/2"}],"replies":[{"embeddable":true,"href":"https:\/\/radiowebmx.com\/nota\/wp-json\/wp\/v2\/comments?post=39647"}],"version-history":[{"count":1,"href":"https:\/\/radiowebmx.com\/nota\/wp-json\/wp\/v2\/posts\/39647\/revisions"}],"predecessor-version":[{"id":39650,"href":"https:\/\/radiowebmx.com\/nota\/wp-json\/wp\/v2\/posts\/39647\/revisions\/39650"}],"wp:featuredmedia":[{"embeddable":true,"href":"https:\/\/radiowebmx.com\/nota\/wp-json\/wp\/v2\/media\/39648"}],"wp:attachment":[{"href":"https:\/\/radiowebmx.com\/nota\/wp-json\/wp\/v2\/media?parent=39647"}],"wp:term":[{"taxonomy":"category","embeddable":true,"href":"https:\/\/radiowebmx.com\/nota\/wp-json\/wp\/v2\/categories?post=39647"},{"taxonomy":"post_tag","embeddable":true,"href":"https:\/\/radiowebmx.com\/nota\/wp-json\/wp\/v2\/tags?post=39647"}],"curies":[{"name":"wp","href":"https:\/\/api.w.org\/{rel}","templated":true}]}}