{"id":39639,"date":"2017-07-10T12:51:51","date_gmt":"2017-07-10T17:51:51","guid":{"rendered":"https:\/\/radiowebmx.com\/nota\/?p=39639"},"modified":"2017-07-10T13:59:55","modified_gmt":"2017-07-10T18:59:55","slug":"personal-del-ceconexpo-certificado-en-gestion-de-congresos","status":"publish","type":"post","link":"https:\/\/radiowebmx.com\/nota\/personal-del-ceconexpo-certificado-en-gestion-de-congresos\/","title":{"rendered":"Personal del Ceconexpo, certificado en gesti\u00f3n de congresos"},"content":{"rendered":"<ul>\n<li>Potenciar el destino Michoac\u00e1n, brindar una mejor atenci\u00f3n y atraer visitantes de otros estados y otros pa\u00edses, el objetivo; indica el director general, Oscar Celis Silva.<\/li>\n<\/ul>\n<p><strong>Morelia, Michoac\u00e1n, a 10 de julio de 2017.-<\/strong>\u00a0Personal del Centro de Convenciones y Exposiciones (Ceconexpo) de Morelia particip\u00f3 en la segunda edici\u00f3n de la Certified in Congress Managent (Certificaci\u00f3n en Gesti\u00f3n de Congresos), organizado por \u201cConvenciones Latinoam\u00e9rica\u201d, una de las revistas de mayor prestigio en la industria del turismo de reuniones.<\/p>\n<p>\u201cConocer, capacitarse y actualizarse es indispensable\u201d, indic\u00f3 el director general del Ceconexpo, Oscar Celis Silva, y se\u00f1al\u00f3 que la certificaci\u00f3n es fundamental para ingresar al mundo de los congresos y as\u00ed potenciar el destino Michoac\u00e1n, brindar una mejor atenci\u00f3n y atraer visitantes de otros estados y otros pa\u00edses.<\/p>\n<p>La Certificaci\u00f3n en Gesti\u00f3n de Congresos tuvo una duraci\u00f3n de dos d\u00edas y se realiz\u00f3 en la Ciudad de M\u00e9xico, donde participaron colaboradores de las \u00e1reas en Mercadotecnia, Relaciones P\u00fablicas, Ventas y de la Direcci\u00f3n General del Ceconexpo.<\/p>\n<p>Celis Silva refiri\u00f3 que continuar\u00e1n las capacitaciones al personal del Ceconexpo, pues los cambios en la industria son constantes y es necesario que Michoac\u00e1n se mantenga y posicione como una opci\u00f3n para los organizadores de congresos.<\/p>\n<p>En este tenor, hizo una invitaci\u00f3n a participar en una Certificaci\u00f3n en Organizador de Eventos, que se realizar\u00e1 en agosto pr\u00f3ximo en el Ceconexpo y que contar\u00e1 con la presencia de actores de la industria de reuniones.<br \/>\n<a href=\"https:\/\/radiowebmx.com\/nota\/wp-content\/uploads\/2017\/07\/eccbbc72-c77f-41ec-b1ea-1c012b34f574.jpg\"><img loading=\"lazy\" decoding=\"async\" class=\"alignnone size-medium wp-image-39641\" src=\"https:\/\/radiowebmx.com\/nota\/wp-content\/uploads\/2017\/07\/eccbbc72-c77f-41ec-b1ea-1c012b34f574-595x701.jpg\" alt=\"\" width=\"595\" height=\"701\" srcset=\"https:\/\/radiowebmx.com\/nota\/wp-content\/uploads\/2017\/07\/eccbbc72-c77f-41ec-b1ea-1c012b34f574-595x701.jpg 595w, https:\/\/radiowebmx.com\/nota\/wp-content\/uploads\/2017\/07\/eccbbc72-c77f-41ec-b1ea-1c012b34f574.jpg 709w\" sizes=\"auto, (max-width: 595px) 100vw, 595px\" \/><\/a><\/p>\n","protected":false},"excerpt":{"rendered":"<p>Potenciar el destino Michoac\u00e1n, brindar una mejor atenci\u00f3n y atraer visitantes de otros estados y otros pa\u00edses, el objetivo; indica el director general, Oscar Celis Silva. Morelia, Michoac\u00e1n, a 10 de julio de 2017.-\u00a0Personal del Centro de Convenciones y Exposiciones (Ceconexpo) de Morelia particip\u00f3 en la segunda edici\u00f3n de la Certified in Congress Managent (Certificaci\u00f3n [&hellip;]<\/p>\n","protected":false},"author":2,"featured_media":39640,"comment_status":"closed","ping_status":"closed","sticky":false,"template":"","format":"standard","meta":{"footnotes":""},"categories":[14,3],"tags":[],"class_list":["post-39639","post","type-post","status-publish","format-standard","has-post-thumbnail","hentry","category-destacadas","category-gobierno-del-estado-de-michoacan"],"_links":{"self":[{"href":"https:\/\/radiowebmx.com\/nota\/wp-json\/wp\/v2\/posts\/39639","targetHints":{"allow":["GET"]}}],"collection":[{"href":"https:\/\/radiowebmx.com\/nota\/wp-json\/wp\/v2\/posts"}],"about":[{"href":"https:\/\/radiowebmx.com\/nota\/wp-json\/wp\/v2\/types\/post"}],"author":[{"embeddable":true,"href":"https:\/\/radiowebmx.com\/nota\/wp-json\/wp\/v2\/users\/2"}],"replies":[{"embeddable":true,"href":"https:\/\/radiowebmx.com\/nota\/wp-json\/wp\/v2\/comments?post=39639"}],"version-history":[{"count":1,"href":"https:\/\/radiowebmx.com\/nota\/wp-json\/wp\/v2\/posts\/39639\/revisions"}],"predecessor-version":[{"id":39642,"href":"https:\/\/radiowebmx.com\/nota\/wp-json\/wp\/v2\/posts\/39639\/revisions\/39642"}],"wp:featuredmedia":[{"embeddable":true,"href":"https:\/\/radiowebmx.com\/nota\/wp-json\/wp\/v2\/media\/39640"}],"wp:attachment":[{"href":"https:\/\/radiowebmx.com\/nota\/wp-json\/wp\/v2\/media?parent=39639"}],"wp:term":[{"taxonomy":"category","embeddable":true,"href":"https:\/\/radiowebmx.com\/nota\/wp-json\/wp\/v2\/categories?post=39639"},{"taxonomy":"post_tag","embeddable":true,"href":"https:\/\/radiowebmx.com\/nota\/wp-json\/wp\/v2\/tags?post=39639"}],"curies":[{"name":"wp","href":"https:\/\/api.w.org\/{rel}","templated":true}]}}