{"id":39627,"date":"2017-07-09T15:55:57","date_gmt":"2017-07-09T20:55:57","guid":{"rendered":"https:\/\/radiowebmx.com\/nota\/?p=39627"},"modified":"2017-07-10T12:57:09","modified_gmt":"2017-07-10T17:57:09","slug":"se-debe-entender-que-lo-politicamente-correcto-es-lo-legalmente-permitido-pascual-sigala","status":"publish","type":"post","link":"https:\/\/radiowebmx.com\/nota\/se-debe-entender-que-lo-politicamente-correcto-es-lo-legalmente-permitido-pascual-sigala\/","title":{"rendered":"Se debe entender que lo pol\u00edticamente correcto, es lo legalmente permitido: Pascual Sigala"},"content":{"rendered":"<p class=\"x_MsoNormal\"><b>Morelia, Mich.- 09 de julio del 2017.-<\/b>\u00a0&#8220;En Michoac\u00e1n como en M\u00e9xico es necesario seguir trabajando para dignificar la funci\u00f3n p\u00fablica y entender que lo pol\u00edticamente correcto es lo legalmente permitido&#8221;, subray\u00f3 el presidente de la Conferencia Permanente de Congresos Locales (Copecol), Pascual Sigala P\u00e1ez.<\/p>\n<p class=\"x_MsoNormal\">El tambi\u00e9n presidente de la Mesa Directiva del Congreso del Estado se\u00f1al\u00f3, que por a\u00f1os en M\u00e9xico, se ha atestiguado c\u00f3mo pr\u00e1cticas pol\u00edticas nocivas para el bien p\u00fablico trasgreden la legalidad y propician impunidad, al sobreponer el inter\u00e9s particular sobre el bien com\u00fan.<\/p>\n<p class=\"x_MsoNormal\">\n<p class=\"x_MsoNormal\">\u201cPor a\u00f1os hemos conocido casos de exfuncionarios que pese a tener cuentas pendientes transitan por la vida p\u00fablica sin ser sancionados, al amparo acuerdos e intereses pol\u00edticos que lejos de fortalecer el Estado de Derecho lo debilitan\u201d.<\/p>\n<p class=\"x_MsoNormal\">\n<p class=\"x_MsoNormal\">En ese sentido, se\u00f1al\u00f3 que el Sistema Nacional Anticorrupci\u00f3n, y sus similares en las entidades federativas sobre los que han venido trabajando los Congresos locales, buscan erradicar de fondo este tipo de pr\u00e1cticas de manera que, quienes infrinjan la ley al amparo de la funci\u00f3n p\u00fablica que desarrollan, asuman su responsabilidad y sean sancionados.<\/p>\n<p class=\"x_MsoNormal\">\n<p class=\"x_MsoNormal\">En el caso de Michoac\u00e1n, destac\u00f3 que los tres Poderes del Estado han dado muestras de entender con toda puntualidad la importancia de que el combate a la corrupci\u00f3n se atienda con toda seriedad.<\/p>\n<p class=\"x_MsoNormal\">\n<p class=\"x_MsoNormal\">\u201cEn nuestro estado conocemos bien las dolencias que genera el desaseo y el manejo irregular de los recursos p\u00fablicos, por ello se ha asumido con toda determinaci\u00f3n combatir de origen esos efectos entendiendo que lo pol\u00edticamente correcto nunca debe estar re\u00f1ido con la legalidad\u201d.<\/p>\n","protected":false},"excerpt":{"rendered":"<p>Morelia, Mich.- 09 de julio del 2017.-\u00a0&#8220;En Michoac\u00e1n como en M\u00e9xico es necesario seguir trabajando para dignificar la funci\u00f3n p\u00fablica y entender que lo pol\u00edticamente correcto es lo legalmente permitido&#8221;, subray\u00f3 el presidente de la Conferencia Permanente de Congresos Locales (Copecol), Pascual Sigala P\u00e1ez. El tambi\u00e9n presidente de la Mesa Directiva del Congreso del Estado [&hellip;]<\/p>\n","protected":false},"author":2,"featured_media":39628,"comment_status":"closed","ping_status":"closed","sticky":false,"template":"","format":"standard","meta":{"footnotes":""},"categories":[6,14,19],"tags":[],"class_list":["post-39627","post","type-post","status-publish","format-standard","has-post-thumbnail","hentry","category-congreso-del-estado","category-destacadas","category-grupo-parlamentario-del-prd"],"_links":{"self":[{"href":"https:\/\/radiowebmx.com\/nota\/wp-json\/wp\/v2\/posts\/39627","targetHints":{"allow":["GET"]}}],"collection":[{"href":"https:\/\/radiowebmx.com\/nota\/wp-json\/wp\/v2\/posts"}],"about":[{"href":"https:\/\/radiowebmx.com\/nota\/wp-json\/wp\/v2\/types\/post"}],"author":[{"embeddable":true,"href":"https:\/\/radiowebmx.com\/nota\/wp-json\/wp\/v2\/users\/2"}],"replies":[{"embeddable":true,"href":"https:\/\/radiowebmx.com\/nota\/wp-json\/wp\/v2\/comments?post=39627"}],"version-history":[{"count":1,"href":"https:\/\/radiowebmx.com\/nota\/wp-json\/wp\/v2\/posts\/39627\/revisions"}],"predecessor-version":[{"id":39629,"href":"https:\/\/radiowebmx.com\/nota\/wp-json\/wp\/v2\/posts\/39627\/revisions\/39629"}],"wp:featuredmedia":[{"embeddable":true,"href":"https:\/\/radiowebmx.com\/nota\/wp-json\/wp\/v2\/media\/39628"}],"wp:attachment":[{"href":"https:\/\/radiowebmx.com\/nota\/wp-json\/wp\/v2\/media?parent=39627"}],"wp:term":[{"taxonomy":"category","embeddable":true,"href":"https:\/\/radiowebmx.com\/nota\/wp-json\/wp\/v2\/categories?post=39627"},{"taxonomy":"post_tag","embeddable":true,"href":"https:\/\/radiowebmx.com\/nota\/wp-json\/wp\/v2\/tags?post=39627"}],"curies":[{"name":"wp","href":"https:\/\/api.w.org\/{rel}","templated":true}]}}