{"id":39600,"date":"2017-07-07T17:30:25","date_gmt":"2017-07-07T22:30:25","guid":{"rendered":"https:\/\/radiowebmx.com\/nota\/?p=39600"},"modified":"2017-07-10T12:32:56","modified_gmt":"2017-07-10T17:32:56","slug":"estamos-avanzando-con-acciones-contundentes-a-favor-de-la-comunidad-lgttbi-wilfrido-lazaro","status":"publish","type":"post","link":"https:\/\/radiowebmx.com\/nota\/estamos-avanzando-con-acciones-contundentes-a-favor-de-la-comunidad-lgttbi-wilfrido-lazaro\/","title":{"rendered":"Estamos avanzando con acciones contundentes a favor de la comunidad LGTTBI: Wilfrido L\u00e1zaro"},"content":{"rendered":"<div>\n<ul type=\"disc\">\n<li class=\"x_MsoNormal\"><i>El diputado del PRI se pronunci\u00f3 por generar pol\u00edticas p\u00fablicas encaminadas a la promoci\u00f3n de la inclusi\u00f3n y erradicaci\u00f3n de la violencia, y discriminaci\u00f3n<\/i><\/li>\n<\/ul>\n<p class=\"x_MsoNormal\"><b>Morelia; Michoac\u00e1n, 07 de julio de 2017.-<\/b>\u00a0\u00a0Michoac\u00e1n se ubica en el sexto lugar en cr\u00edmenes de odio, lo que exige acciones tendientes a promover una cultura de la inclusi\u00f3n y la no discriminaci\u00f3n, as\u00ed como la erradicaci\u00f3n de la violencia, contra los grupos vulnerables en el estado, demand\u00f3 el diputado del PRI y presidente de la comisi\u00f3n de Seguridad y Protecci\u00f3n Civil en el Congreso del Estado, Wilfrido L\u00e1zaro Medina.<\/p>\n<p class=\"x_MsoNormal\">Asegur\u00f3\u00a0 que el derecho a la identidad de las personas de esta comunidad, y que seguramente aprobar\u00e1 el Congreso del Estado la semana que viene, demuestra un avance que se debe de consolidar con pol\u00edticas p\u00fablicas en el Poder Ejecutivo y los municipios.<\/p>\n<p class=\"x_MsoNormal\">\u201cLa Ciudad de M\u00e9xico encabeza la lista de estos cr\u00edmenes con 193 casos y nuestro Estado, Michoac\u00e1n, desgraciadamente ocupa el\u00a0 sexto sitio en esta deshonrosa lista, con 71 casos\u201d, agreg\u00f3 el diputado local.<\/p>\n<p class=\"x_MsoNormal\">L\u00e1zaro Medina, refiri\u00f3 que M\u00e9xico se ubica en el segundo lugar mundial de cr\u00edmenes por homofobia, s\u00f3lo despu\u00e9s de Brasil, y existen datos de organizaciones civiles que revelan que en los \u00faltimos 20 a\u00f1os se registraron mil 310 Cr\u00edmenes de Odio, por lo que cada mes 6 personas son asesinadas por homofobia.<\/p>\n<p class=\"x_MsoNormal\">El legislador priista se\u00f1al\u00f3 que diariamente las personas de la comunidad (LGTTBI), se enfrentan a diferentes tipos de discriminaci\u00f3n y violencia\u00a0 que est\u00e1n presentes en escuelas, lugares de trabajo, lugares p\u00fablicos y hasta en su hogar.<\/p>\n<p class=\"x_MsoNormal\">Por esta raz\u00f3n, mencion\u00f3 que desde el Congreso del Estado se han generado marcos normativos que est\u00e1n encaminados al reconocimiento de sus derechos humanos y jur\u00eddicos, y se ha visto reflejado en la aprobaci\u00f3n de los matrimonios igualitarios y recientemente en la reasignaci\u00f3n sexo- gen\u00e9rica, suscrita por 19 legisladores en comisiones y que confi\u00f3 tenga consenso en el Pleno.<\/p>\n<p class=\"x_MsoNormal\">El legislador tricolor hizo un llamado a los padres de familia para que sean ellos los primeros en reconocer y respetar a sus hijos en sus preferencias sexuales, para que tengan confianza, no vivan esa condici\u00f3n en la soledad y la inclusi\u00f3n empiece en su casa.<\/p>\n<p class=\"x_MsoNormal\">De la misma manera solicit\u00f3 a\u00a0 los distintos \u00f3rdenes de gobierno, se siga trabajando en favor de generar pol\u00edticas p\u00fablicas para la inclusi\u00f3n, la promoci\u00f3n y respeto de los derechos humanos, que favorezcan a los grupos minoritarios y se refleje en mejores condiciones de vida.<\/p>\n<\/div>\n<p>&#8212;<\/p>\n","protected":false},"excerpt":{"rendered":"<p>El diputado del PRI se pronunci\u00f3 por generar pol\u00edticas p\u00fablicas encaminadas a la promoci\u00f3n de la inclusi\u00f3n y erradicaci\u00f3n de la violencia, y discriminaci\u00f3n Morelia; Michoac\u00e1n, 07 de julio de 2017.-\u00a0\u00a0Michoac\u00e1n se ubica en el sexto lugar en cr\u00edmenes de odio, lo que exige acciones tendientes a promover una cultura de la inclusi\u00f3n y la [&hellip;]<\/p>\n","protected":false},"author":2,"featured_media":39601,"comment_status":"closed","ping_status":"closed","sticky":false,"template":"","format":"standard","meta":{"footnotes":""},"categories":[6,14,7],"tags":[],"class_list":["post-39600","post","type-post","status-publish","format-standard","has-post-thumbnail","hentry","category-congreso-del-estado","category-destacadas","category-grupo-parlamentario-del-pri"],"_links":{"self":[{"href":"https:\/\/radiowebmx.com\/nota\/wp-json\/wp\/v2\/posts\/39600","targetHints":{"allow":["GET"]}}],"collection":[{"href":"https:\/\/radiowebmx.com\/nota\/wp-json\/wp\/v2\/posts"}],"about":[{"href":"https:\/\/radiowebmx.com\/nota\/wp-json\/wp\/v2\/types\/post"}],"author":[{"embeddable":true,"href":"https:\/\/radiowebmx.com\/nota\/wp-json\/wp\/v2\/users\/2"}],"replies":[{"embeddable":true,"href":"https:\/\/radiowebmx.com\/nota\/wp-json\/wp\/v2\/comments?post=39600"}],"version-history":[{"count":1,"href":"https:\/\/radiowebmx.com\/nota\/wp-json\/wp\/v2\/posts\/39600\/revisions"}],"predecessor-version":[{"id":39602,"href":"https:\/\/radiowebmx.com\/nota\/wp-json\/wp\/v2\/posts\/39600\/revisions\/39602"}],"wp:featuredmedia":[{"embeddable":true,"href":"https:\/\/radiowebmx.com\/nota\/wp-json\/wp\/v2\/media\/39601"}],"wp:attachment":[{"href":"https:\/\/radiowebmx.com\/nota\/wp-json\/wp\/v2\/media?parent=39600"}],"wp:term":[{"taxonomy":"category","embeddable":true,"href":"https:\/\/radiowebmx.com\/nota\/wp-json\/wp\/v2\/categories?post=39600"},{"taxonomy":"post_tag","embeddable":true,"href":"https:\/\/radiowebmx.com\/nota\/wp-json\/wp\/v2\/tags?post=39600"}],"curies":[{"name":"wp","href":"https:\/\/api.w.org\/{rel}","templated":true}]}}