{"id":396,"date":"2012-11-26T11:24:05","date_gmt":"2012-11-26T17:24:05","guid":{"rendered":"https:\/\/radiowebmx.com\/nota\/?p=396"},"modified":"2012-11-26T11:24:05","modified_gmt":"2012-11-26T17:24:05","slug":"dif-estatal-festeja-el-dia-de-la-aviacion-civil-internacional-con-ninos-en-condiciones-vulnerables","status":"publish","type":"post","link":"https:\/\/radiowebmx.com\/nota\/dif-estatal-festeja-el-dia-de-la-aviacion-civil-internacional-con-ninos-en-condiciones-vulnerables\/","title":{"rendered":"DIF ESTATAL FESTEJA EL D\u00cdA DE LA AVIACI\u00d3N CIVIL INTERNACIONAL CON NI\u00d1OS EN CONDICIONES VULNERABLES"},"content":{"rendered":"<p><img loading=\"lazy\" decoding=\"async\" class=\"alignnone\" src=\"http:\/\/img690.imageshack.us\/img690\/9637\/dsc0860t.jpg\" alt=\"\" width=\"591\" height=\"331\" \/>En el marco del D\u00eda de la Aviaci\u00f3n Civil Internacional que se festeja este 7 de diciembre, el Sistema DIF Michoac\u00e1n, presidido por Patricia Mora de Vallejo y el Gobierno del Estado celebraron el d\u00eda con un evento que se llev\u00f3 a cabo en el Aeropuerto Internacional de Morelia, donde asistieron m\u00e1s de 150 ni\u00f1os en condiciones vulnerables.<\/p>\n<p>Los ni\u00f1os que asistieron al festejo, fueron trasladados de diversas instituciones como: Casa Meced, Cristo por su Mundo, Casa de los Ni\u00f1os y Ni\u00f1as y de la comunidad de Lagunillas, con la finalidad de que conocieran las naves e interactuaran con los pilotos.<\/p>\n<p>La directora de Asistencia e Inclusi\u00f3n Social, Tzitlali Montejano Monroy, acudi\u00f3 en representaci\u00f3n de la directora del Sistema DIF Estatal, Nelly Sastr\u00e9 Gasca, para ser parte del acto protocolario donde el secretario de Seguridad P\u00fablica, El\u00edas \u00c1lvarez Hern\u00e1ndez represent\u00f3 al gobernador de Michoac\u00e1n, Fausto Vallejo Figueroa.<\/p>\n<p>A 68 a\u00f1os de haberse declarado oficialmente el D\u00eda de la Aviaci\u00f3n Civil Internacional, los presentes recordaron la noble labor de los que trabajan en el \u00e1rea, ya que fungen como reguladores de las operaciones a\u00e9reas y garantizan la seguridad aeron\u00e1utica que se efect\u00faa en el pa\u00eds.<\/p>\n<p>Posteriormente, los ni\u00f1os presenciaron un espect\u00e1culo a cargo del Club de Pilotos \u201cPedro Infante\u201d, donde se asombraron con las acrobacias en motocicleta de la agrupaci\u00f3n azteca.<\/p>\n<p>Adem\u00e1s, se hizo una demostraci\u00f3n de las acciones de rescate que los bomberos del Aeropuerto Internacional llevan a cabo de manera cotidiana.<\/p>\n<p>Los ni\u00f1os finalmente celebraron al conocer y subirse en una de las siete aeronaves en las que les sobrevolaron por la ciudad de Morelia para vivir una experiencia \u00fanica.<\/p>\n<p>&nbsp;<\/p>\n","protected":false},"excerpt":{"rendered":"<p>En el marco del D\u00eda de la Aviaci\u00f3n Civil Internacional que se festeja este 7 de diciembre, el Sistema DIF Michoac\u00e1n, presidido por Patricia Mora de Vallejo y el Gobierno del Estado celebraron el d\u00eda con un evento que se llev\u00f3 a cabo en el Aeropuerto Internacional de Morelia, donde asistieron m\u00e1s de 150 ni\u00f1os [&hellip;]<\/p>\n","protected":false},"author":1,"featured_media":0,"comment_status":"open","ping_status":"open","sticky":false,"template":"","format":"standard","meta":{"footnotes":""},"categories":[3],"tags":[],"class_list":["post-396","post","type-post","status-publish","format-standard","hentry","category-gobierno-del-estado-de-michoacan"],"_links":{"self":[{"href":"https:\/\/radiowebmx.com\/nota\/wp-json\/wp\/v2\/posts\/396","targetHints":{"allow":["GET"]}}],"collection":[{"href":"https:\/\/radiowebmx.com\/nota\/wp-json\/wp\/v2\/posts"}],"about":[{"href":"https:\/\/radiowebmx.com\/nota\/wp-json\/wp\/v2\/types\/post"}],"author":[{"embeddable":true,"href":"https:\/\/radiowebmx.com\/nota\/wp-json\/wp\/v2\/users\/1"}],"replies":[{"embeddable":true,"href":"https:\/\/radiowebmx.com\/nota\/wp-json\/wp\/v2\/comments?post=396"}],"version-history":[{"count":1,"href":"https:\/\/radiowebmx.com\/nota\/wp-json\/wp\/v2\/posts\/396\/revisions"}],"predecessor-version":[{"id":397,"href":"https:\/\/radiowebmx.com\/nota\/wp-json\/wp\/v2\/posts\/396\/revisions\/397"}],"wp:attachment":[{"href":"https:\/\/radiowebmx.com\/nota\/wp-json\/wp\/v2\/media?parent=396"}],"wp:term":[{"taxonomy":"category","embeddable":true,"href":"https:\/\/radiowebmx.com\/nota\/wp-json\/wp\/v2\/categories?post=396"},{"taxonomy":"post_tag","embeddable":true,"href":"https:\/\/radiowebmx.com\/nota\/wp-json\/wp\/v2\/tags?post=396"}],"curies":[{"name":"wp","href":"https:\/\/api.w.org\/{rel}","templated":true}]}}