{"id":39595,"date":"2017-07-10T11:52:45","date_gmt":"2017-07-10T16:52:45","guid":{"rendered":"https:\/\/radiowebmx.com\/nota\/?p=39595"},"modified":"2017-07-10T12:21:26","modified_gmt":"2017-07-10T17:21:26","slug":"encabeza-alfonso-martinez-deposito-de-ofrenda-floral-por-aniversario-del-natalicio-de-amalia-solorzano","status":"publish","type":"post","link":"https:\/\/radiowebmx.com\/nota\/encabeza-alfonso-martinez-deposito-de-ofrenda-floral-por-aniversario-del-natalicio-de-amalia-solorzano\/","title":{"rendered":"Encabeza Alfonso Mart\u00ednez dep\u00f3sito de ofrenda floral por Aniversario del Natalicio de Amalia Sol\u00f3rzano"},"content":{"rendered":"<p>Con motivo del 106 Aniversario del Natalicio de Amalia Sol\u00f3rzano Bravo, el Alcalde de Morelia, Alfonso Mart\u00ednez Alc\u00e1zar, encabez\u00f3 este lunes el Dep\u00f3sito de Ofrenda Floral y Guardia de Honor en el Medall\u00f3n alusivo a quien fuera esposa del ex Presidente de M\u00e9xico, L\u00e1zaro C\u00e1rdenas del R\u00edo.<\/p>\n<p>Ante la presencia de la Secretaria de Igualdad Sustantiva y Desarrollo de las Mujeres en el estado, Fabiola Alan\u00eds S\u00e1mano; la Secretaria de Cultura de Michoac\u00e1n, Silvia Figueroa Zamudio; el Representante de la Polic\u00eda Federal en Michoac\u00e1n, Julio C\u00e9sar Mart\u00ednez V\u00e1zquez; as\u00ed como la Directora del Instituto de la Mujer Moreliana (IMUMO), Mar\u00eda Eugenia Romero Olvera, se ley\u00f3 una peque\u00f1a semblanza de Sol\u00f3rzano Bravo, quien destac\u00f3 por su papel activo a favor de los grupos vulnerables.<\/p>\n<p>Frente a las Regidoras Adela Alejandre Flores, Alma Rosa Bahena Villalobos y Mar\u00eda Elisa Garrido P\u00e9rez y la Representante de la Asociaci\u00f3n Amigos de Do\u00f1a Amalia, Guadalupe S\u00e1nchez Mart\u00ednez, se dej\u00f3 de manifiesto la labor que realiz\u00f3 como primera Dama durante el sexenio presidencial del General, L\u00e1zaro C\u00e1rdenas, periodo en el que ayud\u00f3 a ni\u00f1os desprotegidos para darles techo, alimento y educaci\u00f3n; brindar apoyos fraternos a hijos de republicanos espa\u00f1oles que emigraron al pa\u00eds; participar en asociaciones con fines de asistencia, por mencionar solo algunas.<\/p>\n<p>Asimismo, se hizo referencia de que tras el fallecimiento de C\u00e1rdenas del R\u00edo, el 19 de octubre de 1970, Do\u00f1a Amalia, como tambi\u00e9n se le conoc\u00eda, continu\u00f3 realizando acciones de solidaridad y gesti\u00f3n en beneficio de las luchas ind\u00edgenas y grupos sociales, de ah\u00ed que se le reconoci\u00f3 \u201csu gran contribuci\u00f3n en todos los ciclos de la vida moderna del pa\u00eds\u201d.<\/p>\n<p>De esta manera, autoridades de los tres \u00f3rdenes de Gobierno colocaron la ofrenda floral y montaron guardia de honor en el Medall\u00f3n ubicado en la Avenida Amalia Sol\u00f3rzano, teniendo de fondo el Toque 3 de Diana que ejecut\u00f3 la Banda de Guerra de la Polic\u00eda de Morelia.<\/p>\n","protected":false},"excerpt":{"rendered":"<p>Con motivo del 106 Aniversario del Natalicio de Amalia Sol\u00f3rzano Bravo, el Alcalde de Morelia, Alfonso Mart\u00ednez Alc\u00e1zar, encabez\u00f3 este lunes el Dep\u00f3sito de Ofrenda Floral y Guardia de Honor en el Medall\u00f3n alusivo a quien fuera esposa del ex Presidente de M\u00e9xico, L\u00e1zaro C\u00e1rdenas del R\u00edo. Ante la presencia de la Secretaria de Igualdad [&hellip;]<\/p>\n","protected":false},"author":2,"featured_media":39596,"comment_status":"closed","ping_status":"closed","sticky":false,"template":"","format":"standard","meta":{"footnotes":""},"categories":[14,60,9],"tags":[],"class_list":["post-39595","post","type-post","status-publish","format-standard","has-post-thumbnail","hentry","category-destacadas","category-michoacan","category-morelia"],"_links":{"self":[{"href":"https:\/\/radiowebmx.com\/nota\/wp-json\/wp\/v2\/posts\/39595","targetHints":{"allow":["GET"]}}],"collection":[{"href":"https:\/\/radiowebmx.com\/nota\/wp-json\/wp\/v2\/posts"}],"about":[{"href":"https:\/\/radiowebmx.com\/nota\/wp-json\/wp\/v2\/types\/post"}],"author":[{"embeddable":true,"href":"https:\/\/radiowebmx.com\/nota\/wp-json\/wp\/v2\/users\/2"}],"replies":[{"embeddable":true,"href":"https:\/\/radiowebmx.com\/nota\/wp-json\/wp\/v2\/comments?post=39595"}],"version-history":[{"count":1,"href":"https:\/\/radiowebmx.com\/nota\/wp-json\/wp\/v2\/posts\/39595\/revisions"}],"predecessor-version":[{"id":39597,"href":"https:\/\/radiowebmx.com\/nota\/wp-json\/wp\/v2\/posts\/39595\/revisions\/39597"}],"wp:featuredmedia":[{"embeddable":true,"href":"https:\/\/radiowebmx.com\/nota\/wp-json\/wp\/v2\/media\/39596"}],"wp:attachment":[{"href":"https:\/\/radiowebmx.com\/nota\/wp-json\/wp\/v2\/media?parent=39595"}],"wp:term":[{"taxonomy":"category","embeddable":true,"href":"https:\/\/radiowebmx.com\/nota\/wp-json\/wp\/v2\/categories?post=39595"},{"taxonomy":"post_tag","embeddable":true,"href":"https:\/\/radiowebmx.com\/nota\/wp-json\/wp\/v2\/tags?post=39595"}],"curies":[{"name":"wp","href":"https:\/\/api.w.org\/{rel}","templated":true}]}}