{"id":3959,"date":"2013-09-23T12:35:05","date_gmt":"2013-09-23T17:35:05","guid":{"rendered":"https:\/\/radiowebmx.com\/nota\/?p=3959"},"modified":"2013-09-23T12:35:16","modified_gmt":"2013-09-23T17:35:16","slug":"incluyen-a-nueve-municipios-michoacanos-en-primer-paquete-de-apoyos-del-fonden","status":"publish","type":"post","link":"https:\/\/radiowebmx.com\/nota\/incluyen-a-nueve-municipios-michoacanos-en-primer-paquete-de-apoyos-del-fonden\/","title":{"rendered":"INCLUYEN A NUEVE MUNICIPIOS MICHOACANOS EN PRIMER PAQUETE DE APOYOS DEL FONDEN"},"content":{"rendered":"<p>Este domingo el gobierno federal a trav\u00e9s de la Secretar\u00eda de Gobernaci\u00f3n, valid\u00f3 los expedientes del gobierno de Michoac\u00e1n y autoriz\u00f3 la declaratoria de Zona Desastre Natural para nueve municipios del estado, mismos que recibir\u00e1n recursos del Fondo de Desastres Naturales (FONDEN), en tanto que los otros tres (de los 12 municipios que se integraron en la primer solicitud) ser\u00e1n apoyados por el gobierno estatal, en virtud de que los da\u00f1os que padecieron, por fortuna, son menores a los otros que resultaron con afectaciones.<\/p>\n<p>De acuerdo a un comunicado que la SEGOB difundi\u00f3 en las primeras horas de esta tarde, los municipios michoacanos que recibir\u00e1n apoyo del gobierno federal para resolver la problem\u00e1tica a ra\u00edz del paso de la tormenta tropical \u201cManuel\u201d por Michoac\u00e1n, son Aquila, Arteaga, Coahuayana, Huetamo, L\u00e1zaro C\u00e1rdenas, Tac\u00e1mbaro, Tepalcatepec, Turicato y Tumbiscat\u00edo.<\/p>\n<p>Mientras que en Apatzing\u00e1n, La Huacana y Coalcom\u00e1n, el gobierno estatal seguir\u00e1 apoyando y concentrar\u00e1 los esfuerzos en beneficio de las familias damnificadas que ah\u00ed habitan.<\/p>\n<p>En lo que se refiere al municipio de San Lucas, cuyo edil Miguel Renter\u00eda Galarza solicit\u00f3 en d\u00edas pasados el que se integrara a dicha demarcaci\u00f3n al expediente de solicitud de Zona de Desastre, su aceptaci\u00f3n estar\u00e1 definida hasta el pr\u00f3ximo martes, debido a que la documentaci\u00f3n correspondiente se integr\u00f3 en un segundo paquete y los da\u00f1os ocurrieron despu\u00e9s de las lluvias, a consecuencia de los escurrimientos y desbordes.<\/p>\n<p>&nbsp;<\/p>\n<p>&nbsp;<\/p>\n","protected":false},"excerpt":{"rendered":"<p>Este domingo el gobierno federal a trav\u00e9s de la Secretar\u00eda de Gobernaci\u00f3n, valid\u00f3 los expedientes del gobierno de Michoac\u00e1n y autoriz\u00f3 la declaratoria de Zona Desastre Natural para nueve municipios del estado, mismos que recibir\u00e1n recursos del Fondo de Desastres Naturales (FONDEN),<\/p>\n","protected":false},"author":1,"featured_media":0,"comment_status":"open","ping_status":"open","sticky":false,"template":"","format":"standard","meta":{"footnotes":""},"categories":[14,3,1],"tags":[],"class_list":["post-3959","post","type-post","status-publish","format-standard","hentry","category-destacadas","category-gobierno-del-estado-de-michoacan","category-sin-categoria"],"_links":{"self":[{"href":"https:\/\/radiowebmx.com\/nota\/wp-json\/wp\/v2\/posts\/3959","targetHints":{"allow":["GET"]}}],"collection":[{"href":"https:\/\/radiowebmx.com\/nota\/wp-json\/wp\/v2\/posts"}],"about":[{"href":"https:\/\/radiowebmx.com\/nota\/wp-json\/wp\/v2\/types\/post"}],"author":[{"embeddable":true,"href":"https:\/\/radiowebmx.com\/nota\/wp-json\/wp\/v2\/users\/1"}],"replies":[{"embeddable":true,"href":"https:\/\/radiowebmx.com\/nota\/wp-json\/wp\/v2\/comments?post=3959"}],"version-history":[{"count":2,"href":"https:\/\/radiowebmx.com\/nota\/wp-json\/wp\/v2\/posts\/3959\/revisions"}],"predecessor-version":[{"id":3961,"href":"https:\/\/radiowebmx.com\/nota\/wp-json\/wp\/v2\/posts\/3959\/revisions\/3961"}],"wp:attachment":[{"href":"https:\/\/radiowebmx.com\/nota\/wp-json\/wp\/v2\/media?parent=3959"}],"wp:term":[{"taxonomy":"category","embeddable":true,"href":"https:\/\/radiowebmx.com\/nota\/wp-json\/wp\/v2\/categories?post=3959"},{"taxonomy":"post_tag","embeddable":true,"href":"https:\/\/radiowebmx.com\/nota\/wp-json\/wp\/v2\/tags?post=3959"}],"curies":[{"name":"wp","href":"https:\/\/api.w.org\/{rel}","templated":true}]}}