{"id":39582,"date":"2017-07-08T12:46:38","date_gmt":"2017-07-08T17:46:38","guid":{"rendered":"https:\/\/radiowebmx.com\/nota\/?p=39582"},"modified":"2017-07-10T11:33:59","modified_gmt":"2017-07-10T16:33:59","slug":"secretaria-de-desarrollo-metropolitano-e-infraestructura-implementa-jornada-intensa-de-bacheo-en-madero-poniente","status":"publish","type":"post","link":"https:\/\/radiowebmx.com\/nota\/secretaria-de-desarrollo-metropolitano-e-infraestructura-implementa-jornada-intensa-de-bacheo-en-madero-poniente\/","title":{"rendered":"Secretar\u00eda de Desarrollo Metropolitano e Infraestructura implementa jornada intensa de bacheo en Madero Poniente"},"content":{"rendered":"<ul>\n<li>Se atiende esta vialidad en su zona Norte desde Avenida Pedregal y hasta el Perif\u00e9rico.<\/li>\n<\/ul>\n<p>&nbsp;<\/p>\n<ul>\n<li>La atenci\u00f3n al llamado ciudadano es una prioridad para el Ayuntamiento de Morelia.<\/li>\n<\/ul>\n<p>&nbsp;<\/p>\n<div>Morelia, Mich., 08 de julio 2017<br \/>\nBOLET\u00cdN 1115\/2017<\/div>\n<p>&nbsp;<\/p>\n<div>Garantizar una infraestructura urbana que permita mejorar el tr\u00e1nsito vehicular, es uno de los objetivos de la Secretar\u00eda de Desarrollo Metropolitano e Infraestructura a cargo de Juan Fernando Sosa Tapia, por lo que en este sentido se realiz\u00f3 una intensa jornada de bacheo sobre la Avenida Madero Poniente en su lado Norte.<br \/>\n<a href=\"https:\/\/radiowebmx.com\/nota\/wp-content\/uploads\/2017\/07\/a1381a17-902e-445b-8996-5f7e9c9a95c6.jpeg\"><img loading=\"lazy\" decoding=\"async\" class=\"alignnone size-medium wp-image-39584\" src=\"https:\/\/radiowebmx.com\/nota\/wp-content\/uploads\/2017\/07\/a1381a17-902e-445b-8996-5f7e9c9a95c6-595x855.jpeg\" alt=\"\" width=\"595\" height=\"855\" srcset=\"https:\/\/radiowebmx.com\/nota\/wp-content\/uploads\/2017\/07\/a1381a17-902e-445b-8996-5f7e9c9a95c6-595x855.jpeg 595w, https:\/\/radiowebmx.com\/nota\/wp-content\/uploads\/2017\/07\/a1381a17-902e-445b-8996-5f7e9c9a95c6.jpeg 709w\" sizes=\"auto, (max-width: 595px) 100vw, 595px\" \/><\/a><br \/>\nEl tramo comprende desde la Avenida Pedregal hasta el Perif\u00e9rico Paseo de la Rep\u00fablica, lo anterior en atenci\u00f3n al llamado ciudadano.<\/p>\n<p>Sosa Tapia, se\u00f1al\u00f3 que al denunciarse una de estas imperfecciones en las vialidades se programa la acci\u00f3n coordinada de las brigadas de bacheo para atender de manera cabal la solicitud de la poblaci\u00f3n.<\/p>\n<p>El encargado de la pol\u00edtica de ejecuci\u00f3n de obra p\u00fablica y supervisi\u00f3n, afirm\u00f3 que se redoblan esfuerzos en esta temporada de lluvias que suelen aparecer m\u00e1s baches por la temporalidad y caducidad de vida \u00fatil de las obras en la ciudad, por lo que reiter\u00f3 que actualmente se ejecutan de manera conjunta 400 obras p\u00fablicas en el municipio, dentro de las cuales se ver\u00e1n en gran parte beneficiadas las arterias viales de Morelia por tratarse de repavimentaciones.<\/p>\n<p>Aunado a esto, subray\u00f3 que existe una ruta de mantenimiento y atenci\u00f3n a vialidades primarias con estas acciones de bacheo, trabajos que se implementan en la temporada pluvial.<\/p>\n<p>De esta manera el Ayuntamiento de Morelia fortalece la atenci\u00f3n a las vialidades y las imperfecciones que puedan presentar estas, por lo que tambi\u00e9n se invita a la ciudadan\u00eda a seguir realizando sus reportes al 072 y a trav\u00e9s de L\u00ednea Directa desde internet.<\/p><\/div>\n","protected":false},"excerpt":{"rendered":"<p>Se atiende esta vialidad en su zona Norte desde Avenida Pedregal y hasta el Perif\u00e9rico. &nbsp; La atenci\u00f3n al llamado ciudadano es una prioridad para el Ayuntamiento de Morelia. &nbsp; Morelia, Mich., 08 de julio 2017 BOLET\u00cdN 1115\/2017 &nbsp; Garantizar una infraestructura urbana que permita mejorar el tr\u00e1nsito vehicular, es uno de los objetivos de [&hellip;]<\/p>\n","protected":false},"author":2,"featured_media":39583,"comment_status":"closed","ping_status":"closed","sticky":false,"template":"","format":"standard","meta":{"footnotes":""},"categories":[14,60,9],"tags":[],"class_list":["post-39582","post","type-post","status-publish","format-standard","has-post-thumbnail","hentry","category-destacadas","category-michoacan","category-morelia"],"_links":{"self":[{"href":"https:\/\/radiowebmx.com\/nota\/wp-json\/wp\/v2\/posts\/39582","targetHints":{"allow":["GET"]}}],"collection":[{"href":"https:\/\/radiowebmx.com\/nota\/wp-json\/wp\/v2\/posts"}],"about":[{"href":"https:\/\/radiowebmx.com\/nota\/wp-json\/wp\/v2\/types\/post"}],"author":[{"embeddable":true,"href":"https:\/\/radiowebmx.com\/nota\/wp-json\/wp\/v2\/users\/2"}],"replies":[{"embeddable":true,"href":"https:\/\/radiowebmx.com\/nota\/wp-json\/wp\/v2\/comments?post=39582"}],"version-history":[{"count":1,"href":"https:\/\/radiowebmx.com\/nota\/wp-json\/wp\/v2\/posts\/39582\/revisions"}],"predecessor-version":[{"id":39585,"href":"https:\/\/radiowebmx.com\/nota\/wp-json\/wp\/v2\/posts\/39582\/revisions\/39585"}],"wp:featuredmedia":[{"embeddable":true,"href":"https:\/\/radiowebmx.com\/nota\/wp-json\/wp\/v2\/media\/39583"}],"wp:attachment":[{"href":"https:\/\/radiowebmx.com\/nota\/wp-json\/wp\/v2\/media?parent=39582"}],"wp:term":[{"taxonomy":"category","embeddable":true,"href":"https:\/\/radiowebmx.com\/nota\/wp-json\/wp\/v2\/categories?post=39582"},{"taxonomy":"post_tag","embeddable":true,"href":"https:\/\/radiowebmx.com\/nota\/wp-json\/wp\/v2\/tags?post=39582"}],"curies":[{"name":"wp","href":"https:\/\/api.w.org\/{rel}","templated":true}]}}