{"id":39575,"date":"2017-07-08T14:35:52","date_gmt":"2017-07-08T19:35:52","guid":{"rendered":"https:\/\/radiowebmx.com\/nota\/?p=39575"},"modified":"2017-07-10T11:25:44","modified_gmt":"2017-07-10T16:25:44","slug":"llama-gobernador-a-transitar-hacia-una-cultura-de-respeto-y-conservacion-del-medio-ambiente","status":"publish","type":"post","link":"https:\/\/radiowebmx.com\/nota\/llama-gobernador-a-transitar-hacia-una-cultura-de-respeto-y-conservacion-del-medio-ambiente\/","title":{"rendered":"Llama Gobernador a transitar hacia una cultura de respeto y conservaci\u00f3n del medio ambiente"},"content":{"rendered":"<ul>\n<li>Preside Silvano Aureoles la Firma de la Carta de la Tierra &#8220;Declaraci\u00f3n Universal de Principios Fundamentales para la Construcci\u00f3n de una Sociedad Global Justa, Sostenible y Pac\u00edfica&#8221;.<\/li>\n<\/ul>\n<p>&nbsp;<\/p>\n<ul>\n<li>Michoac\u00e1n, llamado a ser el estado m\u00e1s sustentable del pa\u00eds, reconoce representante de la Carta de la Tierra.<\/li>\n<\/ul>\n<p>&nbsp;<\/p>\n<ul>\n<li>Inicia la campa\u00f1a de reforestaci\u00f3n en Michoac\u00e1n; ser\u00e1n plantados 25 millones de \u00e1rboles a favor del medio ambiente.<\/li>\n<\/ul>\n<p><strong>Morelia, Michoac\u00e1n, a 8 de julio de 2017.-<\/strong>En Michoac\u00e1n es necesario cambiar de fondo los patrones que por a\u00f1os rigieron a la sociedad y transitar hacia una cultura de respeto y conservaci\u00f3n del medio ambiente; por ello, es necesario inculcar estos valores desde la educaci\u00f3n de las y los ni\u00f1os michoacanos, en una suma de voluntades con la ciudadan\u00eda, destac\u00f3 el Gobernador Constitucional Silvano Aureoles Conejo.<br \/>\n<a href=\"https:\/\/radiowebmx.com\/nota\/wp-content\/uploads\/2017\/07\/2b4533e5-d6ec-400d-8a6a-0e2c2bf1e951.jpeg\"><img loading=\"lazy\" decoding=\"async\" class=\"alignnone size-medium wp-image-39577\" src=\"https:\/\/radiowebmx.com\/nota\/wp-content\/uploads\/2017\/07\/2b4533e5-d6ec-400d-8a6a-0e2c2bf1e951-595x817.jpeg\" alt=\"\" width=\"595\" height=\"817\" srcset=\"https:\/\/radiowebmx.com\/nota\/wp-content\/uploads\/2017\/07\/2b4533e5-d6ec-400d-8a6a-0e2c2bf1e951-595x817.jpeg 595w, https:\/\/radiowebmx.com\/nota\/wp-content\/uploads\/2017\/07\/2b4533e5-d6ec-400d-8a6a-0e2c2bf1e951.jpeg 709w\" sizes=\"auto, (max-width: 595px) 100vw, 595px\" \/><\/a><br \/>\nLo anterior, al presidir este s\u00e1bado la Firma de la Carta de la Tierra &#8220;Declaraci\u00f3n Universal de Principios Fundamentales para la Construcci\u00f3n de una Sociedad Global Justa, Sostenible y Pac\u00edfica&#8221;, misma que viene a reforzar las acciones en materia ambiental bajo cuatro ejes fundamentales y 16 principios que engloban el fortalecimiento de las instituciones democr\u00e1ticas en todos los niveles, la toma de decisiones y acceso a la justicia para preservar el medio ambiente; tratar a todos los seres vivos con respeto y consideraci\u00f3n, y promover una cultura de tolerancia, no violencia y paz, por mencionar algunos.<\/p>\n<p>En lo que tambi\u00e9n fue el inicio de la Campa\u00f1a de Reforestaci\u00f3n 2017, Aureoles Conejo dio a conocer los avances en Michoac\u00e1n en la materia, entre los que destacan la creaci\u00f3n de la Fiscal\u00eda Ambiental; la Polic\u00eda Ambiental que se va nutriendo poco a poco; la Gendarmer\u00eda Ambiental; la Mesa de Seguridad de este rubro, entre otras acciones que en su conjunto permiten dar pasos firmes para frenar el deterioro del entorno natural.<\/p>\n<p>El Gobernador reiter\u00f3 que se continuar\u00e1n los trabajos de vigilancia que permitan frenar la tala clandestina y cambio de uso de suelo ilegal, delitos &#8220;que estar\u00e1n bajo la lupa&#8221;; en esta tarea hizo una invitaci\u00f3n a institutos, universidades, organizaciones civiles y en general a toda la ciudadan\u00eda, para conformar un Consejo de Vigilancia que permita verificar m\u00e1s de cerca esta problem\u00e1tica que tanto afecta al ecosistema.<\/p>\n<p>\u201cEn lugar de quejarnos, pong\u00e1monos a hacer cosas, aprendiendo de las que no se han hecho bien para empezar a mejorar\u201d, extern\u00f3 el mandatario estatal.<\/p>\n<p>Ah\u00ed el representante en M\u00e9xico de la iniciativa de la Carta de la Tierra, Mateo Alfredo Castillo Ceja, reconoci\u00f3 al mandatario estatal por sumarse a esta importante iniciativa que abonar\u00e1 a que Michoac\u00e1n sea el estado m\u00e1s sustentable del pa\u00eds, &#8220;pues cuenta con los todos los recursos para hacerlo&#8221;, abund\u00f3.<\/p>\n<p>Felicit\u00f3 tambi\u00e9n los esfuerzos que ha encabezado Aureoles Conejo para frenar los impactos ambientales y el deterioro del mismo, no \u00fanicamente como Gobernador, sino durante toda su trayectoria pol\u00edtica.<\/p>\n<p>Ricardo Luna Garc\u00eda, titular de la\u00a0 Secretar\u00eda de Medio Ambiente, Cambio Clim\u00e1tico y Desarrollo Territorial (Semaccdet), expres\u00f3 que esta carta debe asumirse como un compromiso por parte de todas las y los funcionarios, as\u00ed como de la ciudadan\u00eda, que d\u00e9 pie para generar mejores pol\u00edticas p\u00fablicas en beneficio al entorno en el que viven las y los michoacanos.<\/p>\n<p>\u201cNecesitamos estrategias y programas para recuperar los valores y principios de la sociedad en materia educativa, de seguridad y por supuesto en cuestiones ambientales, que nos permitan gozar de un ambiente sano\u201d, recalc\u00f3 Luna Garc\u00eda.<\/p>\n<p>Pascual Sigala P\u00e1ez, presidente de la Mesa Directiva del Congreso del Estado, celebr\u00f3 el reto que asumi\u00f3 el Gobierno del Estado para detener el proceso de degradaci\u00f3n del bosque, pues \u00e9ste es un problema que ha aquejado a Michoac\u00e1n por a\u00f1os y al que nadie se hab\u00eda atrevido a poner un alto.<\/p>\n<p>Por ello, refrend\u00f3 el compromiso del Congreso del Estado para trabajar de la mano con el Gobierno Estatal en la b\u00fasqueda de acciones que permitan el bienestar ambiental, inclu\u00edda la reforma a la Ley Forestal; \u201cning\u00fan inter\u00e9s particular deber\u00e1 estar encima del inter\u00e9s colectivo\u201d, asever\u00f3 el diputado.<\/p>\n<p>Es importante mencionar que la Campa\u00f1a de Reforestaci\u00f3n 2017 contempla la plantaci\u00f3n de 25 millones de \u00e1rboles en todo el estado, que beneficiar\u00e1 a m\u00e1s de 30 mil hect\u00e1reas de bosques, selvas y manglares, sum\u00e1ndose a una de las medidas de compensaci\u00f3n de las 16 mil hect\u00e1reas da\u00f1adas por incendios forestales en este a\u00f1o.<\/p>\n<p>En la firma de esta Carta tambi\u00e9n estuvieron presentes Jos\u00e9 Francisco Morales C\u00e1zares, comandante de la 21 Zona Militar; Rosal\u00eda Miranda Ar\u00e9valo, diputada local; Rosa Ivette Bustos Acosta, gerente de Desarrollo Organizacional del Grupo Posadas; Larisa M\u00e9ndez B\u00e9jar, directora general de la Comisi\u00f3n de Pesca del Estado; Juanita Nohem\u00ed Ram\u00edrez Bravo, legisladora local y Juan Carlos Vega Sol\u00f3rzano, Procurador de Protecci\u00f3n al Medio Ambiente de Michoac\u00e1n.<\/p>\n<p>Asimismo acudieron Jes\u00fas Melgoza Vel\u00e1zquez, secretario de Desarrollo Econ\u00f3mico; Germ\u00e1n Tena Fern\u00e1ndez, coordinador general de la Comisi\u00f3n Estatal de Agua y Gesti\u00f3n de Cuencas; Marisa Garrido P\u00e9rez, regidora del Ayuntamiento de Morelia y C\u00e9sar Edwin S\u00e1nchez Coria, director del Fideicomiso de Parques Industriales de Michoac\u00e1n, as\u00ed como titulares, directores y jefes de departamento de las dependencias del Gobierno de Michoac\u00e1n.<\/p>\n","protected":false},"excerpt":{"rendered":"<p>Preside Silvano Aureoles la Firma de la Carta de la Tierra &#8220;Declaraci\u00f3n Universal de Principios Fundamentales para la Construcci\u00f3n de una Sociedad Global Justa, Sostenible y Pac\u00edfica&#8221;. &nbsp; Michoac\u00e1n, llamado a ser el estado m\u00e1s sustentable del pa\u00eds, reconoce representante de la Carta de la Tierra. &nbsp; Inicia la campa\u00f1a de reforestaci\u00f3n en Michoac\u00e1n; ser\u00e1n [&hellip;]<\/p>\n","protected":false},"author":2,"featured_media":39576,"comment_status":"closed","ping_status":"closed","sticky":false,"template":"","format":"standard","meta":{"footnotes":""},"categories":[14,3,60],"tags":[],"class_list":["post-39575","post","type-post","status-publish","format-standard","has-post-thumbnail","hentry","category-destacadas","category-gobierno-del-estado-de-michoacan","category-michoacan"],"_links":{"self":[{"href":"https:\/\/radiowebmx.com\/nota\/wp-json\/wp\/v2\/posts\/39575","targetHints":{"allow":["GET"]}}],"collection":[{"href":"https:\/\/radiowebmx.com\/nota\/wp-json\/wp\/v2\/posts"}],"about":[{"href":"https:\/\/radiowebmx.com\/nota\/wp-json\/wp\/v2\/types\/post"}],"author":[{"embeddable":true,"href":"https:\/\/radiowebmx.com\/nota\/wp-json\/wp\/v2\/users\/2"}],"replies":[{"embeddable":true,"href":"https:\/\/radiowebmx.com\/nota\/wp-json\/wp\/v2\/comments?post=39575"}],"version-history":[{"count":1,"href":"https:\/\/radiowebmx.com\/nota\/wp-json\/wp\/v2\/posts\/39575\/revisions"}],"predecessor-version":[{"id":39578,"href":"https:\/\/radiowebmx.com\/nota\/wp-json\/wp\/v2\/posts\/39575\/revisions\/39578"}],"wp:featuredmedia":[{"embeddable":true,"href":"https:\/\/radiowebmx.com\/nota\/wp-json\/wp\/v2\/media\/39576"}],"wp:attachment":[{"href":"https:\/\/radiowebmx.com\/nota\/wp-json\/wp\/v2\/media?parent=39575"}],"wp:term":[{"taxonomy":"category","embeddable":true,"href":"https:\/\/radiowebmx.com\/nota\/wp-json\/wp\/v2\/categories?post=39575"},{"taxonomy":"post_tag","embeddable":true,"href":"https:\/\/radiowebmx.com\/nota\/wp-json\/wp\/v2\/tags?post=39575"}],"curies":[{"name":"wp","href":"https:\/\/api.w.org\/{rel}","templated":true}]}}