{"id":39572,"date":"2017-07-08T14:41:36","date_gmt":"2017-07-08T19:41:36","guid":{"rendered":"https:\/\/radiowebmx.com\/nota\/?p=39572"},"modified":"2017-07-10T11:22:44","modified_gmt":"2017-07-10T16:22:44","slug":"invierten-26-8-mdp-en-obras-en-beneficio-de-migrantes-michoacanos","status":"publish","type":"post","link":"https:\/\/radiowebmx.com\/nota\/invierten-26-8-mdp-en-obras-en-beneficio-de-migrantes-michoacanos\/","title":{"rendered":"Invierten 26.8 mdp en obras en beneficio de migrantes michoacanos"},"content":{"rendered":"<ul>\n<li>Los recursos del programa 3&#215;1 han permitido impulsar 73 obras, destaca el titular de la Semigrante, Jos\u00e9 Luis Guti\u00e9rrez.<\/li>\n<\/ul>\n<p><strong>Morelia, Michoac\u00e1n, a 8 de julio de 2017.-<\/strong>Con el objetivo de elevar la calidad de vida de la comunidad migrante en la entidad, se han ejercido 26.8 millones de pesos en 73 proyectos de obras de infraestructura social, entre las que destacan la rehabilitaci\u00f3n o construcci\u00f3n de v\u00edas de comunicaci\u00f3n, instalaci\u00f3n de paneles solares en comunidades que no tienen acceso a la energ\u00eda el\u00e9ctrica as\u00ed como la construcci\u00f3n o rehabilitaci\u00f3n y equipamiento de espacios educativos.<\/p>\n<p>Lo anterior, de acuerdo a lo que dio a conocer el titular de la Secretar\u00eda del Migrante (Semigrante), Jos\u00e9 Luis Guti\u00e9rrez P\u00e9rez, quien destac\u00f3 la equitatividad en la distribuci\u00f3n del recurso de esta acci\u00f3n en todo el territorio michoacano.<\/p>\n<p>Explic\u00f3 que dicho monto se ha ejercido en el periodo de septiembre de 2016 a la fecha, y que adem\u00e1s se impulsa el mejoramiento de centros comunitarios, espacios p\u00fablicos de recreaci\u00f3n, bibliotecas, entre otros, a trav\u00e9s del programa Fondo de Apoyo al Migrante 3X1.<\/p>\n<p>\u201cEs prioridad para el gobierno que encabeza Silvano Aureoles que la poblaci\u00f3n migrante encuentre en el estado las condiciones propicias para iniciar una nueva vida junto a sus seres queridos, y que esta sea con dignidad y en el marco de un progreso sostenido y sustentable mediante la actividad productiva que cada quien elija, tenemos tambi\u00e9n el registro de proyectos que van desde tortiller\u00edas hasta una granja av\u00edcola\u201d, se\u00f1al\u00f3 el funcionario estatal.<\/p>\n<p>Es con hechos como el Gobierno del Estado ratifica su compromiso con las y los michoacanos, que mediante la implementaci\u00f3n de pol\u00edticas p\u00fablicas incluyentes y participativas son beneficiados para que ellos y sus familias mejoren sus condiciones de vida, permitiendo as\u00ed su desarrollo integral.<\/p>\n","protected":false},"excerpt":{"rendered":"<p>Los recursos del programa 3&#215;1 han permitido impulsar 73 obras, destaca el titular de la Semigrante, Jos\u00e9 Luis Guti\u00e9rrez. Morelia, Michoac\u00e1n, a 8 de julio de 2017.-Con el objetivo de elevar la calidad de vida de la comunidad migrante en la entidad, se han ejercido 26.8 millones de pesos en 73 proyectos de obras de [&hellip;]<\/p>\n","protected":false},"author":2,"featured_media":39573,"comment_status":"closed","ping_status":"closed","sticky":false,"template":"","format":"standard","meta":{"footnotes":""},"categories":[14,3,60],"tags":[],"class_list":["post-39572","post","type-post","status-publish","format-standard","has-post-thumbnail","hentry","category-destacadas","category-gobierno-del-estado-de-michoacan","category-michoacan"],"_links":{"self":[{"href":"https:\/\/radiowebmx.com\/nota\/wp-json\/wp\/v2\/posts\/39572","targetHints":{"allow":["GET"]}}],"collection":[{"href":"https:\/\/radiowebmx.com\/nota\/wp-json\/wp\/v2\/posts"}],"about":[{"href":"https:\/\/radiowebmx.com\/nota\/wp-json\/wp\/v2\/types\/post"}],"author":[{"embeddable":true,"href":"https:\/\/radiowebmx.com\/nota\/wp-json\/wp\/v2\/users\/2"}],"replies":[{"embeddable":true,"href":"https:\/\/radiowebmx.com\/nota\/wp-json\/wp\/v2\/comments?post=39572"}],"version-history":[{"count":1,"href":"https:\/\/radiowebmx.com\/nota\/wp-json\/wp\/v2\/posts\/39572\/revisions"}],"predecessor-version":[{"id":39574,"href":"https:\/\/radiowebmx.com\/nota\/wp-json\/wp\/v2\/posts\/39572\/revisions\/39574"}],"wp:featuredmedia":[{"embeddable":true,"href":"https:\/\/radiowebmx.com\/nota\/wp-json\/wp\/v2\/media\/39573"}],"wp:attachment":[{"href":"https:\/\/radiowebmx.com\/nota\/wp-json\/wp\/v2\/media?parent=39572"}],"wp:term":[{"taxonomy":"category","embeddable":true,"href":"https:\/\/radiowebmx.com\/nota\/wp-json\/wp\/v2\/categories?post=39572"},{"taxonomy":"post_tag","embeddable":true,"href":"https:\/\/radiowebmx.com\/nota\/wp-json\/wp\/v2\/tags?post=39572"}],"curies":[{"name":"wp","href":"https:\/\/api.w.org\/{rel}","templated":true}]}}