{"id":39568,"date":"2017-07-08T15:49:31","date_gmt":"2017-07-08T20:49:31","guid":{"rendered":"https:\/\/radiowebmx.com\/nota\/?p=39568"},"modified":"2017-07-10T11:20:25","modified_gmt":"2017-07-10T16:20:25","slug":"alfonso-martinez-entrega-cerca-de-5-millones-de-pesos-en-becas-a-mil-608-ninos-morelianos","status":"publish","type":"post","link":"https:\/\/radiowebmx.com\/nota\/alfonso-martinez-entrega-cerca-de-5-millones-de-pesos-en-becas-a-mil-608-ninos-morelianos\/","title":{"rendered":"Alfonso Mart\u00ednez entrega cerca de 5 millones de pesos en Becas a mil 608 ni\u00f1os morelianos"},"content":{"rendered":"<ul>\n<li>A trav\u00e9s del Programa de Becas Municipales, la Secretar\u00eda de Desarrollo Humano y Bienestar Social, entreg\u00f3 este s\u00e1bado mil 608 becas a ni\u00f1os de 80 centros educativos de Morelia.<\/li>\n<\/ul>\n<p>&nbsp;<\/p>\n<ul>\n<li>Ante cerca de 4 mil personas, entrega Gobierno de Alfonso Mart\u00ednez becas a ni\u00f1os para que contin\u00faen sus estudios de nivel b\u00e1sico.<\/li>\n<\/ul>\n<p>&nbsp;<\/p>\n<ul>\n<li>El Presidente Municipal ha instruido la inversi\u00f3n adicional de un mill\u00f3n de pesos m\u00e1s para este concepto, por lo que el siguiente ciclo escolar habr\u00e1 dos mil beneficiados.<\/li>\n<\/ul>\n<p>&nbsp;<\/p>\n<div>Morelia, Mich., a 08 de Julio de 2017<br \/>\nBOLETIN 1117\/2017<\/div>\n<p>&nbsp;<\/p>\n<div>De manera firme el Presidente Municipal de Morelia, Alfonso Mart\u00ednez Alc\u00e1zar, contin\u00faa consolidando proyectos que ponen de manifiesto su inter\u00e9s y ocupaci\u00f3n por la educaci\u00f3n de los ni\u00f1os y j\u00f3venes de la capital michoacana, al abrir ventanas de apoyo que aseguren a estos concluir sus estudios de educaci\u00f3n b\u00e1sica.<br \/>\n<a href=\"https:\/\/radiowebmx.com\/nota\/wp-content\/uploads\/2017\/07\/848ae414-1779-4627-bce8-6247057007db.jpg\"><img loading=\"lazy\" decoding=\"async\" class=\"alignnone size-medium wp-image-39570\" src=\"https:\/\/radiowebmx.com\/nota\/wp-content\/uploads\/2017\/07\/848ae414-1779-4627-bce8-6247057007db-595x566.jpg\" alt=\"\" width=\"595\" height=\"566\" srcset=\"https:\/\/radiowebmx.com\/nota\/wp-content\/uploads\/2017\/07\/848ae414-1779-4627-bce8-6247057007db-595x566.jpg 595w, https:\/\/radiowebmx.com\/nota\/wp-content\/uploads\/2017\/07\/848ae414-1779-4627-bce8-6247057007db.jpg 709w\" sizes=\"auto, (max-width: 595px) 100vw, 595px\" \/><\/a><br \/>\nPor ello, la ma\u00f1ana de este s\u00e1bado a trav\u00e9s de la Secretar\u00eda de Desarrollo Humano y Bienestar Social, el Gobierno Municipal hizo entrega de mil 608 becas con una inversi\u00f3n de 4 millones 824 mil pesos, a ni\u00f1os estudiantes de 5\u00ba y 6\u00ba a\u00f1o de Primaria, y 1\u00ba de Secundaria pertenecientes a 85 centros educativos de la capital michoacana, con las cuales los peque\u00f1os y sus familias son incluidos en un plan unitario de beneficios que incluye un recurso de 500 pesos bimestrales, atenci\u00f3n en las unidades m\u00e9dicas del municipio con servicio nutricional, m\u00e9dico, odontol\u00f3gico, psicol\u00f3gico, adem\u00e1s de escuelas para padres y maestros.<\/p>\n<p>En el Auditorio Municipal Servando Ch\u00e1vez, y acompa\u00f1ado por Israel Barrios Hern\u00e1ndez, Delegado de la Secretar\u00eda de Educaci\u00f3n P\u00fablica del Estado; Alejandro Amante Urbina, Director del Colegio de Morelia; los Regidores, Adela Alejandre Flores, F\u00e9lix Madrigal Pulido y \u00c1ngel Gonz\u00e1lez Garc\u00eda, Director de la Escuela Primaria \u201cSim\u00f3n Bol\u00edvar\u201d; el Secretario de Desarrollo Humano y Bienestar Social de Morelia, Guillermo Mar\u00edn Ch\u00e1vez, inform\u00f3 que por instrucci\u00f3n expresa del Edil Capitalino, para el siguiente ciclo escolar habr\u00e1 un incremento de 1 mill\u00f3n de pesos para becas, con los que se espera llegar a 2 mil ni\u00f1os beneficiados.<\/p>\n<p>\u201cAl Presidente Municipal le preocupa mucho la educaci\u00f3n, que los ni\u00f1os no dejen de estudiar y por eso me pidi\u00f3 anunciar que este nuevo ciclo escolar va a invertir un mill\u00f3n de pesos m\u00e1s en becas escolares, con lo que llegaremos a 2 mil becas en beneficio de los ni\u00f1os que m\u00e1s necesitan el recurso y apoyo para continuar con sus estudios b\u00e1sicos\u201d.<\/p>\n<p>Indic\u00f3 a los padres de familia de los beneficiados, que en el Programa de Becas Municipales, resulta preponderante su participaci\u00f3n al impulsar a los peque\u00f1os a recibir los servicios y las atenciones que este servicio incluye, como la atenci\u00f3n m\u00e9dica para revisar los niveles de nutrici\u00f3n que les permita a los peque\u00f1os asimilar de mejor manera los conocimientos que se les imparten.<\/p>\n<p>Dijo adem\u00e1s, que ahora podr\u00e1n disponer del recurso econ\u00f3mico de las becas a trav\u00e9s de una tarjeta bancaria, lo que les evitar\u00e1 a los padres de familia la molestia de asistir a las oficinas municipales a retirar su efectivo, sin mayores tr\u00e1mites ni desplazamiento.<\/p>\n<p>Por su parte \u00c1ngel Gonz\u00e1lez Garc\u00eda, Director de la Escuela Primaria \u201cSim\u00f3n Bol\u00edvar\u201d, exhort\u00f3 a los peque\u00f1os beneficiarios a aprovechar la oportunidad que les brinda este apoyo para esforzarse en sus estudios, y se dirigi\u00f3 al Gobierno Municipal dando las gracias por el programa de becas, que sin duda es \u00fatil para los peque\u00f1os.<\/p>\n<p>Mil 608 becas fueron entregadas este ciclo a los beneficiarios que desde agosto del 2016, entregaron su solicitud en la Secretar\u00eda de Desarrollo Humano y Bienestar Social, una vez que se dio a conocer la convocatoria del Programa de Becas Municipales, recibiendo de manera integral mil 500 pesos por semestre para cuestiones de transporte o materiales que requieran en sus centros educativos.<\/p>\n<p>Cabe destacar que de los mil 608 beneficiarios, 555 ni\u00f1os son de 5\u00ba a\u00f1o de Primaria; 550 de 6\u00ba y aproximadamente 503 de Secundarias y Telesecundarias, quienes reciben Bimestralmente 500 pesos, adem\u00e1s del apoyo y atenci\u00f3n integral citada que asegure que los peque\u00f1os son aptos para asimilar de la mejor manera su educaci\u00f3n b\u00e1sica.<\/p>\n<p>Cabe destacar que para la siguiente convocatoria del pr\u00f3ximo ciclo escolar, en breve ser\u00e1n dadas a conocer las bases de manera p\u00fablica a trav\u00e9s de la p\u00e1gina oficial del Ayuntamiento,\u00a0<a href=\"http:\/\/gob.us11.list-manage.com\/track\/click?u=4006ac058ed166735585eb757&amp;id=30d817744e&amp;e=fbc79edfe0\" target=\"_blank\" rel=\"noopener noreferrer\">www.morelia.gob.mx<\/a>, para acceder a dicho programa de apoyo social donde ahora se incrementar\u00e1 con 400 becas m\u00e1s, para beneficiar a 2 mil ni\u00f1os morelianos en sus estudios de primaria y secundaria, lo que permitir\u00e1 aligerar la econom\u00eda del mismo n\u00famero de familias beneficiadas.<\/div>\n","protected":false},"excerpt":{"rendered":"<p>A trav\u00e9s del Programa de Becas Municipales, la Secretar\u00eda de Desarrollo Humano y Bienestar Social, entreg\u00f3 este s\u00e1bado mil 608 becas a ni\u00f1os de 80 centros educativos de Morelia. &nbsp; Ante cerca de 4 mil personas, entrega Gobierno de Alfonso Mart\u00ednez becas a ni\u00f1os para que contin\u00faen sus estudios de nivel b\u00e1sico. &nbsp; El Presidente [&hellip;]<\/p>\n","protected":false},"author":2,"featured_media":39569,"comment_status":"closed","ping_status":"closed","sticky":false,"template":"","format":"standard","meta":{"footnotes":""},"categories":[14,60,9],"tags":[],"class_list":["post-39568","post","type-post","status-publish","format-standard","has-post-thumbnail","hentry","category-destacadas","category-michoacan","category-morelia"],"_links":{"self":[{"href":"https:\/\/radiowebmx.com\/nota\/wp-json\/wp\/v2\/posts\/39568","targetHints":{"allow":["GET"]}}],"collection":[{"href":"https:\/\/radiowebmx.com\/nota\/wp-json\/wp\/v2\/posts"}],"about":[{"href":"https:\/\/radiowebmx.com\/nota\/wp-json\/wp\/v2\/types\/post"}],"author":[{"embeddable":true,"href":"https:\/\/radiowebmx.com\/nota\/wp-json\/wp\/v2\/users\/2"}],"replies":[{"embeddable":true,"href":"https:\/\/radiowebmx.com\/nota\/wp-json\/wp\/v2\/comments?post=39568"}],"version-history":[{"count":1,"href":"https:\/\/radiowebmx.com\/nota\/wp-json\/wp\/v2\/posts\/39568\/revisions"}],"predecessor-version":[{"id":39571,"href":"https:\/\/radiowebmx.com\/nota\/wp-json\/wp\/v2\/posts\/39568\/revisions\/39571"}],"wp:featuredmedia":[{"embeddable":true,"href":"https:\/\/radiowebmx.com\/nota\/wp-json\/wp\/v2\/media\/39569"}],"wp:attachment":[{"href":"https:\/\/radiowebmx.com\/nota\/wp-json\/wp\/v2\/media?parent=39568"}],"wp:term":[{"taxonomy":"category","embeddable":true,"href":"https:\/\/radiowebmx.com\/nota\/wp-json\/wp\/v2\/categories?post=39568"},{"taxonomy":"post_tag","embeddable":true,"href":"https:\/\/radiowebmx.com\/nota\/wp-json\/wp\/v2\/tags?post=39568"}],"curies":[{"name":"wp","href":"https:\/\/api.w.org\/{rel}","templated":true}]}}