{"id":39559,"date":"2017-07-08T18:27:04","date_gmt":"2017-07-08T23:27:04","guid":{"rendered":"https:\/\/radiowebmx.com\/nota\/?p=39559"},"modified":"2017-07-10T11:14:22","modified_gmt":"2017-07-10T16:14:22","slug":"gobierno-municipal-y-trabajadores-sincronizan-esfuerzos-a-favor-del-medio-ambiente","status":"publish","type":"post","link":"https:\/\/radiowebmx.com\/nota\/gobierno-municipal-y-trabajadores-sincronizan-esfuerzos-a-favor-del-medio-ambiente\/","title":{"rendered":"Gobierno Municipal y trabajadores sincronizan esfuerzos a favor del medio ambiente."},"content":{"rendered":"<p>*Trabajadores del SIDEMM\u00a0y la Secretar\u00eda de Servicios Municipales sincronizaron esfuerzos para la limpieza y reforestaci\u00f3n de dos \u00e1reas verdes en Morelia<\/p>\n<p>&nbsp;<\/p>\n<p>*Mil 500 \u00e1rboles m\u00e1s son sembrados en Morelia.<\/p>\n<p>Morelia,\u00a0Mich\u00a0a 08 de Julio del 2017.<\/p>\n<p>BOLETIN 2017.<\/p>\n<p>&nbsp;<\/p>\n<p>Para la Administraci\u00f3n que encabeza el Presidente Municipal Alfonso Mart\u00ednez Alc\u00e1zar, es indispensable establecer lazos de colaboraci\u00f3n con los diversos sindicatos que colaboran en el Ayuntamiento, con miras a fortalecer los trabajos y servicios que se le brindan a la ciudadan\u00eda.<\/p>\n<p><a href=\"https:\/\/radiowebmx.com\/nota\/wp-content\/uploads\/2017\/07\/3eae55e6-7a0f-4e18-b4ce-ba767a51d98a.jpeg\"><img loading=\"lazy\" decoding=\"async\" class=\"alignnone size-medium wp-image-39561\" src=\"https:\/\/radiowebmx.com\/nota\/wp-content\/uploads\/2017\/07\/3eae55e6-7a0f-4e18-b4ce-ba767a51d98a-595x533.jpeg\" alt=\"\" width=\"595\" height=\"533\" srcset=\"https:\/\/radiowebmx.com\/nota\/wp-content\/uploads\/2017\/07\/3eae55e6-7a0f-4e18-b4ce-ba767a51d98a-595x533.jpeg 595w, https:\/\/radiowebmx.com\/nota\/wp-content\/uploads\/2017\/07\/3eae55e6-7a0f-4e18-b4ce-ba767a51d98a.jpeg 709w\" sizes=\"auto, (max-width: 595px) 100vw, 595px\" \/><\/a><\/p>\n<p>En concordancia con esta medida, este s\u00e1bado el Ayuntamiento capitalino, a trav\u00e9s de la Secretar\u00eda\u00a0de Servicios P\u00fablicos, reforz\u00f3 las labores de limpieza en\u00a0la colonia\u00a0Los \u00c1lamos, coordinados por el personal de\u00a0la Direcci\u00f3n de Residuos S\u00f3lidos,\u00a0los cuales\u00a0se organizaron\u00a0con los vecinos\u00a0para participar en la jornada de limpieza y\u00a0reforestaci\u00f3n en\u00a0\u00e1reas verdes.<\/p>\n<p>Lo anterior forma parte de las actividades del mejoramiento del\u00a0entorno urbano del municipio, con la finalidad de que en\u00a0esta temporada de lluvias\u00a0no\u00a0se\u00a0arrastre basura a\u00a0las coladeras\u00a0y as\u00ed evitar\u00a0accidentes\u00a0automovil\u00edsticos e inundaciones en las zonas aleda\u00f1as.<\/p>\n<p>Es importante mencionar, que por parte de la Direcci\u00f3n de Imagen Urbana, se plantaron \u00e1rboles en esta colonia, con la finalidad de conservar, proteger y restaurar los recursos naturales del suelo de conservaci\u00f3n de la demarcaci\u00f3n.<\/p>\n<p>En este tenor\u00a0Jos\u00e9 Luis Gil V\u00e1zquez, Secretario de Servicios P\u00fablicos, manifest\u00f3 que la finalidad que se sigue en la actual administraci\u00f3n independiente, es la de atender las demandas y peticiones de la ciudadan\u00eda,\u00a0sin embargo,\u00a0subray\u00f3 que\u00a0es necesario que la poblaci\u00f3n tambi\u00e9n colabore no tirando basura y reciclando los residuos que se generan, \u201ccomo habitantes tenemos la responsabilidad de cuidar el medio ambiente y mantener nuestro entorno limpio libre de basura\u201d.<\/p>\n<p>Durante la misma ma\u00f1ana de este s\u00e1bado, 250 trabajadores agremiados al Sindicato Dem\u00f3crata de Empleados Municipales de Morelia (SIDEMM), realizaron labores de reforestaci\u00f3n de mil 500 \u00e1rboles y limpieza de 2 kil\u00f3metros de \u00e1reas verdes,\u00a0que incluy\u00f3 el retiro de pl\u00e1sticos y maleza\u00a0en la Com<a target=\"_blank\" rel=\"noopener noreferrer\" name=\"x_m_-7022856881373106432__GoBack\"><\/a>unidad de Ojo de Agua de la Tenencia de Santa Mar\u00eda.<\/p>\n<p>El Lider del SIDEMM, Ernesto\u00a0Santamar\u00eda, se mostr\u00f3 dispuesto al compartir esfuerzos con el Gobierno Municipal, y declar\u00f3 a su uni\u00f3n totalmente incorporada a las labores y medidas implementadas por la Administraci\u00f3n Municipal, para consolidar mejoras sustanciales en el medio ambiente de Morelia.<\/p>\n<p>\u201cLa recuperaci\u00f3n de \u00e1reas verdes, la recolecci\u00f3n de basura y la limpieza de drenes, son rubros en los que los empleados del SIDEMM nos encontramos sumamente comprometidos, a fin de mantener limpia nuestra ciudad y con ello evitar mayores problemas de inundaciones y contaminaci\u00f3n en el municipio\u201d, subray\u00f3.<\/p>\n<p>Con esta sincronizaci\u00f3n de esfuerzos, el Gobierno Municipal da muestras de colaboraci\u00f3n, abarcando de esta manera m\u00e1s kil\u00f3metros de \u00e1reas verdes reforestadas y con atenci\u00f3n de limpieza, que rendir\u00e1n frutos en la presente temporada de lluvias.<\/p>\n<p>&nbsp;<\/p>\n","protected":false},"excerpt":{"rendered":"<p>*Trabajadores del SIDEMM\u00a0y la Secretar\u00eda de Servicios Municipales sincronizaron esfuerzos para la limpieza y reforestaci\u00f3n de dos \u00e1reas verdes en Morelia &nbsp; *Mil 500 \u00e1rboles m\u00e1s son sembrados en Morelia. Morelia,\u00a0Mich\u00a0a 08 de Julio del 2017. BOLETIN 2017. &nbsp; Para la Administraci\u00f3n que encabeza el Presidente Municipal Alfonso Mart\u00ednez Alc\u00e1zar, es indispensable establecer lazos de [&hellip;]<\/p>\n","protected":false},"author":2,"featured_media":39560,"comment_status":"closed","ping_status":"closed","sticky":false,"template":"","format":"standard","meta":{"footnotes":""},"categories":[14,60,9],"tags":[],"class_list":["post-39559","post","type-post","status-publish","format-standard","has-post-thumbnail","hentry","category-destacadas","category-michoacan","category-morelia"],"_links":{"self":[{"href":"https:\/\/radiowebmx.com\/nota\/wp-json\/wp\/v2\/posts\/39559","targetHints":{"allow":["GET"]}}],"collection":[{"href":"https:\/\/radiowebmx.com\/nota\/wp-json\/wp\/v2\/posts"}],"about":[{"href":"https:\/\/radiowebmx.com\/nota\/wp-json\/wp\/v2\/types\/post"}],"author":[{"embeddable":true,"href":"https:\/\/radiowebmx.com\/nota\/wp-json\/wp\/v2\/users\/2"}],"replies":[{"embeddable":true,"href":"https:\/\/radiowebmx.com\/nota\/wp-json\/wp\/v2\/comments?post=39559"}],"version-history":[{"count":1,"href":"https:\/\/radiowebmx.com\/nota\/wp-json\/wp\/v2\/posts\/39559\/revisions"}],"predecessor-version":[{"id":39562,"href":"https:\/\/radiowebmx.com\/nota\/wp-json\/wp\/v2\/posts\/39559\/revisions\/39562"}],"wp:featuredmedia":[{"embeddable":true,"href":"https:\/\/radiowebmx.com\/nota\/wp-json\/wp\/v2\/media\/39560"}],"wp:attachment":[{"href":"https:\/\/radiowebmx.com\/nota\/wp-json\/wp\/v2\/media?parent=39559"}],"wp:term":[{"taxonomy":"category","embeddable":true,"href":"https:\/\/radiowebmx.com\/nota\/wp-json\/wp\/v2\/categories?post=39559"},{"taxonomy":"post_tag","embeddable":true,"href":"https:\/\/radiowebmx.com\/nota\/wp-json\/wp\/v2\/tags?post=39559"}],"curies":[{"name":"wp","href":"https:\/\/api.w.org\/{rel}","templated":true}]}}