{"id":39551,"date":"2017-07-09T11:23:31","date_gmt":"2017-07-09T16:23:31","guid":{"rendered":"https:\/\/radiowebmx.com\/nota\/?p=39551"},"modified":"2017-07-10T11:08:46","modified_gmt":"2017-07-10T16:08:46","slug":"sustituye-iifeem-aulas-de-palitos-en-escuelas-de-xalacayan-aquila","status":"publish","type":"post","link":"https:\/\/radiowebmx.com\/nota\/sustituye-iifeem-aulas-de-palitos-en-escuelas-de-xalacayan-aquila\/","title":{"rendered":"Sustituye IIFEEM aulas de \u201cpalitos\u201d en escuelas de Xalacayan, Aquila"},"content":{"rendered":"<ul>\n<li>La inversi\u00f3n, superior a los 3 mdp en beneficio de cien estudiantes del Jard\u00edn de Ni\u00f1os y de la Primaria de esa comunidad, detalla la titular de dependencia.<\/li>\n<\/ul>\n<div><\/div>\n<ul>\n<li>Erradicar las aulas de \u201cpalitos\u201d, compromiso del Gobernador Silvano Aureoles Conejo, refrenda Guadalupe D\u00edaz Chagolla.<\/li>\n<\/ul>\n<p><strong>Xalacayan, mpio. de Aquila, Michoac\u00e1n, a 9 de julio de 2017.-<\/strong>\u00a0En atenci\u00f3n a la instrucci\u00f3n del Gobernador Silvano Aureoles Conejo, la directora general del Instituto de la Infraestructura F\u00edsica Educativa del Estado de Michoac\u00e1n (IIFEEM), Mar\u00eda Guadalupe D\u00edaz Chagolla, dio el banderazo de arranque para la sustituci\u00f3n de aulas de \u201cpalitos\u201d por salones dignos en la Primaria y el Jard\u00edn de Ni\u00f1os de Xalacayan, municipio de Aquila.<br \/>\n<a href=\"https:\/\/radiowebmx.com\/nota\/wp-content\/uploads\/2017\/07\/7e2754a3-fba9-4bc0-bfd5-4ba515795126.jpg\"><img loading=\"lazy\" decoding=\"async\" class=\"alignnone size-medium wp-image-39553\" src=\"https:\/\/radiowebmx.com\/nota\/wp-content\/uploads\/2017\/07\/7e2754a3-fba9-4bc0-bfd5-4ba515795126-595x594.jpg\" alt=\"\" width=\"595\" height=\"594\" srcset=\"https:\/\/radiowebmx.com\/nota\/wp-content\/uploads\/2017\/07\/7e2754a3-fba9-4bc0-bfd5-4ba515795126-595x594.jpg 595w, https:\/\/radiowebmx.com\/nota\/wp-content\/uploads\/2017\/07\/7e2754a3-fba9-4bc0-bfd5-4ba515795126-400x400.jpg 400w, https:\/\/radiowebmx.com\/nota\/wp-content\/uploads\/2017\/07\/7e2754a3-fba9-4bc0-bfd5-4ba515795126-120x120.jpg 120w, https:\/\/radiowebmx.com\/nota\/wp-content\/uploads\/2017\/07\/7e2754a3-fba9-4bc0-bfd5-4ba515795126-600x600.jpg 600w, https:\/\/radiowebmx.com\/nota\/wp-content\/uploads\/2017\/07\/7e2754a3-fba9-4bc0-bfd5-4ba515795126.jpg 709w\" sizes=\"auto, (max-width: 595px) 100vw, 595px\" \/><\/a><br \/>\nAcompa\u00f1ada por el presidente municipal de Aquila, Jos\u00e9 Luis Ortega Olivares, y el vocal ejecutivo del Centro Estatal para el Desarrollo Municipal, Carlos Paredes Correa, la titular del IIFEEM refrend\u00f3 el compromiso del Gobernador de dignificar la infraestructura educativa y erradicar las aulas de \u201cpalitos\u201d para garantizar la educaci\u00f3n de calidad en Michoac\u00e1n.<\/p>\n<p>En la Primaria de Xayakalan ser\u00e1n construidas tres aulas, m\u00f3dulo de servicios sanitarios, direcci\u00f3n y plaza c\u00edvica; paralelamente, en el Jard\u00edn de Ni\u00f1os se llevar\u00e1 a a cabo la construcci\u00f3n de dos aulas, direcci\u00f3n, plaza c\u00edvica y servicios sanitarios.<\/p>\n<p>La inversi\u00f3n en ambos planteles ser\u00e1 superior a los 3 millones de pesos a trav\u00e9s del Fondo de Aportaciones M\u00faltiples, en beneficio de casi cien ni\u00f1as y ni\u00f1os.<\/p>\n<p>El alcalde de Aquila se congratul\u00f3 por la atenci\u00f3n que el Gobierno del Estado brinda en materia de infraestructura educativa, agradeci\u00f3 el apoyo del Gobernador y subray\u00f3 que \u201cinvertir en educaci\u00f3n, es invertir en el futuro de Michoac\u00e1n\u201d.<\/p>\n","protected":false},"excerpt":{"rendered":"<p>La inversi\u00f3n, superior a los 3 mdp en beneficio de cien estudiantes del Jard\u00edn de Ni\u00f1os y de la Primaria de esa comunidad, detalla la titular de dependencia. Erradicar las aulas de \u201cpalitos\u201d, compromiso del Gobernador Silvano Aureoles Conejo, refrenda Guadalupe D\u00edaz Chagolla. Xalacayan, mpio. de Aquila, Michoac\u00e1n, a 9 de julio de 2017.-\u00a0En atenci\u00f3n [&hellip;]<\/p>\n","protected":false},"author":2,"featured_media":39552,"comment_status":"closed","ping_status":"closed","sticky":false,"template":"","format":"standard","meta":{"footnotes":""},"categories":[14,60,9],"tags":[],"class_list":["post-39551","post","type-post","status-publish","format-standard","has-post-thumbnail","hentry","category-destacadas","category-michoacan","category-morelia"],"_links":{"self":[{"href":"https:\/\/radiowebmx.com\/nota\/wp-json\/wp\/v2\/posts\/39551","targetHints":{"allow":["GET"]}}],"collection":[{"href":"https:\/\/radiowebmx.com\/nota\/wp-json\/wp\/v2\/posts"}],"about":[{"href":"https:\/\/radiowebmx.com\/nota\/wp-json\/wp\/v2\/types\/post"}],"author":[{"embeddable":true,"href":"https:\/\/radiowebmx.com\/nota\/wp-json\/wp\/v2\/users\/2"}],"replies":[{"embeddable":true,"href":"https:\/\/radiowebmx.com\/nota\/wp-json\/wp\/v2\/comments?post=39551"}],"version-history":[{"count":1,"href":"https:\/\/radiowebmx.com\/nota\/wp-json\/wp\/v2\/posts\/39551\/revisions"}],"predecessor-version":[{"id":39554,"href":"https:\/\/radiowebmx.com\/nota\/wp-json\/wp\/v2\/posts\/39551\/revisions\/39554"}],"wp:featuredmedia":[{"embeddable":true,"href":"https:\/\/radiowebmx.com\/nota\/wp-json\/wp\/v2\/media\/39552"}],"wp:attachment":[{"href":"https:\/\/radiowebmx.com\/nota\/wp-json\/wp\/v2\/media?parent=39551"}],"wp:term":[{"taxonomy":"category","embeddable":true,"href":"https:\/\/radiowebmx.com\/nota\/wp-json\/wp\/v2\/categories?post=39551"},{"taxonomy":"post_tag","embeddable":true,"href":"https:\/\/radiowebmx.com\/nota\/wp-json\/wp\/v2\/tags?post=39551"}],"curies":[{"name":"wp","href":"https:\/\/api.w.org\/{rel}","templated":true}]}}