{"id":39548,"date":"2017-07-09T13:05:32","date_gmt":"2017-07-09T18:05:32","guid":{"rendered":"https:\/\/radiowebmx.com\/nota\/?p=39548"},"modified":"2017-07-10T11:05:21","modified_gmt":"2017-07-10T16:05:21","slug":"egresados-del-conalep-michoacan-realizaran-servicio-social-en-hospital-naval","status":"publish","type":"post","link":"https:\/\/radiowebmx.com\/nota\/egresados-del-conalep-michoacan-realizaran-servicio-social-en-hospital-naval\/","title":{"rendered":"Egresados del Conalep Michoac\u00e1n realizar\u00e1n servicio social en Hospital Naval"},"content":{"rendered":"<ul>\n<li>A partir del 1 de agosto, 15 j\u00f3venes que estudiaron la carrera de Enfermer\u00eda General\u00a0en el plantel\u00a0de\u00a0LC acudir\u00e1n al campo cl\u00ednico de la Semar, anuncia la titular del subsistema.<\/li>\n<\/ul>\n<ul>\n<li>Gerardo Zindy Ramos Lamas, nuevo director del plantel del Conalep\u00a0en el municipio porte\u00f1o, informa Minerva Bautista G\u00f3mez.<\/li>\n<\/ul>\n<p><strong>L\u00e1zaro C\u00e1rdenas, Michoac\u00e1n, a 9 de julio de 2017.-<\/strong>\u00a0Como parte del convenio signado entre el Colegio de Educaci\u00f3n Profesional T\u00e9cnica del Estado de Michoac\u00e1n y la Secretar\u00eda de Marina (Semar), egresados de la carrera de Enfermer\u00eda General podr\u00e1n realizar su servicio social en el Hospital Naval de L\u00e1zaro C\u00e1rdenas.<br \/>\n<a href=\"https:\/\/radiowebmx.com\/nota\/wp-content\/uploads\/2017\/07\/db366ebd-7773-4d67-bb46-44bc2e7623be.jpg\"><img loading=\"lazy\" decoding=\"async\" class=\"alignnone size-full wp-image-39549\" src=\"https:\/\/radiowebmx.com\/nota\/wp-content\/uploads\/2017\/07\/db366ebd-7773-4d67-bb46-44bc2e7623be.jpg\" alt=\"\" width=\"552\" height=\"310\" \/><\/a><br \/>\nSon 15 los j\u00f3venes de la unidad ubicada en el Puerto michoacano los que acudir\u00e1n a partir del pr\u00f3ximo 1 de agosto al campo cl\u00ednico de la Semar.<\/p>\n<p>\u201cContamos con un gran potencial acad\u00e9mico y administrativo para formar a los j\u00f3venes del Puerto de L\u00e1zaro C\u00e1rdenas, y desde octubre de 2015 en las 13 unidades del subsistema se realiz\u00f3 un an\u00e1lisis para detectar las prioridades&#8221;,\u00a0indic\u00f3 la directora general del Conalep Michoac\u00e1n, Minerva Bautista G\u00f3mez.<\/p>\n<p>Agreg\u00f3 que se han\u00a0tenido importantes avances en infraestructura y equipamiento, elementos necesarios para el buen desarrollo de las\u00a013 carreras t\u00e9cnicas del Conalep Michoac\u00e1n.<\/p>\n<p>Por otra parte, la funcionaria estatal inform\u00f3 que con el compromiso de elevar la calidad pedag\u00f3gica y mantener al Conalep Michoac\u00e1n entre las preferencias acad\u00e9micas de la zona, Gerardo Zindy Ramos Lamas asumi\u00f3 el cargo de director del plantel L\u00e1zaro C\u00e1rdenas.<br \/>\nEn reuni\u00f3n con docentes y personal administrativo de ese plantel se efectu\u00f3 la presentaci\u00f3n oficial, donde se destac\u00f3 el trabajo desarrollado en esa instituci\u00f3n, como la actualizaci\u00f3n de la oferta educativa con la carrera de Administraci\u00f3n en Especialidad Portuaria.<\/p>\n<p>Bautista G\u00f3mez destac\u00f3 que se aplic\u00f3 una detallada evaluaci\u00f3n a los aspirantes, y Gerardo Zindy Ramos Lamas result\u00f3 el perfil id\u00f3neo para dar continuidad al fortalecimiento de la educaci\u00f3n, uno de los principales ejes de la administraci\u00f3n estatal encabezada por el Gobernador Silvano Aureoles Conejo.<\/p>\n","protected":false},"excerpt":{"rendered":"<p>A partir del 1 de agosto, 15 j\u00f3venes que estudiaron la carrera de Enfermer\u00eda General\u00a0en el plantel\u00a0de\u00a0LC acudir\u00e1n al campo cl\u00ednico de la Semar, anuncia la titular del subsistema. Gerardo Zindy Ramos Lamas, nuevo director del plantel del Conalep\u00a0en el municipio porte\u00f1o, informa Minerva Bautista G\u00f3mez. L\u00e1zaro C\u00e1rdenas, Michoac\u00e1n, a 9 de julio de 2017.-\u00a0Como [&hellip;]<\/p>\n","protected":false},"author":2,"featured_media":0,"comment_status":"closed","ping_status":"closed","sticky":false,"template":"","format":"standard","meta":{"footnotes":""},"categories":[14,3,60],"tags":[],"class_list":["post-39548","post","type-post","status-publish","format-standard","hentry","category-destacadas","category-gobierno-del-estado-de-michoacan","category-michoacan"],"_links":{"self":[{"href":"https:\/\/radiowebmx.com\/nota\/wp-json\/wp\/v2\/posts\/39548","targetHints":{"allow":["GET"]}}],"collection":[{"href":"https:\/\/radiowebmx.com\/nota\/wp-json\/wp\/v2\/posts"}],"about":[{"href":"https:\/\/radiowebmx.com\/nota\/wp-json\/wp\/v2\/types\/post"}],"author":[{"embeddable":true,"href":"https:\/\/radiowebmx.com\/nota\/wp-json\/wp\/v2\/users\/2"}],"replies":[{"embeddable":true,"href":"https:\/\/radiowebmx.com\/nota\/wp-json\/wp\/v2\/comments?post=39548"}],"version-history":[{"count":1,"href":"https:\/\/radiowebmx.com\/nota\/wp-json\/wp\/v2\/posts\/39548\/revisions"}],"predecessor-version":[{"id":39550,"href":"https:\/\/radiowebmx.com\/nota\/wp-json\/wp\/v2\/posts\/39548\/revisions\/39550"}],"wp:attachment":[{"href":"https:\/\/radiowebmx.com\/nota\/wp-json\/wp\/v2\/media?parent=39548"}],"wp:term":[{"taxonomy":"category","embeddable":true,"href":"https:\/\/radiowebmx.com\/nota\/wp-json\/wp\/v2\/categories?post=39548"},{"taxonomy":"post_tag","embeddable":true,"href":"https:\/\/radiowebmx.com\/nota\/wp-json\/wp\/v2\/tags?post=39548"}],"curies":[{"name":"wp","href":"https:\/\/api.w.org\/{rel}","templated":true}]}}