{"id":39544,"date":"2017-07-09T13:01:59","date_gmt":"2017-07-09T18:01:59","guid":{"rendered":"https:\/\/radiowebmx.com\/nota\/?p=39544"},"modified":"2017-07-10T10:57:23","modified_gmt":"2017-07-10T15:57:23","slug":"edam-enfocada-a-mejorar-la-calidad-de-vida-de-los-adultos-mayores-directora-dif-morelia","status":"publish","type":"post","link":"https:\/\/radiowebmx.com\/nota\/edam-enfocada-a-mejorar-la-calidad-de-vida-de-los-adultos-mayores-directora-dif-morelia\/","title":{"rendered":"EDAM enfocada a mejorar la calidad de vida de los adultos mayores: Directora DIF Morelia"},"content":{"rendered":"<p>Cerca de 7 mil atenciones\u00a0brindadas por EDAM a adultos mayores: DIF Morelia<\/p>\n<p>&nbsp;<\/p>\n<p>&nbsp;<\/p>\n<p>Con el fin de promover el cuidado de los adultos mayores, la cultura del envejecimiento activo, asi como las relaciones intergeneracionales; la Estancia Diurna del Adulto Mayor (EDAM) perteneciente al DIF Morelia, atiende a 85 beneficiarios que actualmente se encuentran en el centro, quienes reciben atenci\u00f3n y cuidados en su salud por parte de de la estancia municipal.<\/p>\n<p><a href=\"https:\/\/radiowebmx.com\/nota\/wp-content\/uploads\/2017\/07\/662d231a-be2c-4252-95da-036a1d6cf9b4.jpeg\"><img loading=\"lazy\" decoding=\"async\" class=\"alignnone size-medium wp-image-39546\" src=\"https:\/\/radiowebmx.com\/nota\/wp-content\/uploads\/2017\/07\/662d231a-be2c-4252-95da-036a1d6cf9b4-595x466.jpeg\" alt=\"\" width=\"595\" height=\"466\" srcset=\"https:\/\/radiowebmx.com\/nota\/wp-content\/uploads\/2017\/07\/662d231a-be2c-4252-95da-036a1d6cf9b4-595x466.jpeg 595w, https:\/\/radiowebmx.com\/nota\/wp-content\/uploads\/2017\/07\/662d231a-be2c-4252-95da-036a1d6cf9b4.jpeg 709w\" sizes=\"auto, (max-width: 595px) 100vw, 595px\" \/><\/a><\/p>\n<p>Melissa V\u00e1squez P\u00e9rez, directora del DIF Morelia, se\u00f1al\u00f3 que para la actual administraci\u00f3n independiente que encabeza el Presidente Municipal Alfonso Mart\u00ednez Alc\u00e1zar, ha sido primordial el cuidado de los adultos mayores, por lo que dijo, a la fecha, en EDAM se han brindado al rededor de 6 mil 932 servicios de atenci\u00f3n para el cuidado de la salud, beneficiando directamente a los adultos mayores del municipio.<\/p>\n<p>Asimismo, la titular de la dependencia, subray\u00f3 que en la Estancia Diurna se ha preponderado principalmente la atenci\u00f3n a uno de los sectores m\u00e1s vulnerables de la sociedad, brindando atenci\u00f3n en \u00e1reas como el cuidado de la salud, terapias psicol\u00f3gicas, brindando de igual manera \u00a0consultas odontol\u00f3gicas y podol\u00f3gicas, terapias f\u00edsicas, que les permita a los usuarios contar con un sano envejecimiento y cuidado en esta etapa adulta de su vida.<\/p>\n<p>Cabe se\u00f1alar que dentro de la actual administraci\u00f3n, se han impartido 47 pl\u00e1ticas enfocadas a orientar a los adultos mayores sobre la prevenci\u00f3n de enfermedades y el cuidado de su salud, abiertas al p\u00fablico en general, buscando que esta etapa de la vida adulta del ser humano, sea protegida y disfrutada lo mayor posible ante la cultura de la prevenci\u00f3n y salud.<\/p>\n<p>V\u00e1squez P\u00e9rez, indic\u00f3 que dentro de la Estancia Diurna del Adulto Mayor se realizan talleres para el uso correcto del bast\u00f3n y andadera, estimulaci\u00f3n cognitiva, lectura, clases de coro, educaci\u00f3n primaria y secundaria, entre otras actividades l\u00fadicas y c\u00edvicas enfocadas a mejorar la calidad de vida de nuestros adultos mayores.<\/p>\n<p>&#8220;Es muy importante la labor que estamos impulsado para este sector vulnerable como lo son los Adultos Mayores, por lo que dentro de la estrategia que se sigue dentro de la EDAM y el programa que tenemos implementado, contamos con actividades de esparcimiento y con gran variedad, pues hasta el momento les hemos realizado 26 eventos y paseos, de los cuales destacan el festejo de las fiestas patrias, concurso de baile, celebraci\u00f3n del d\u00eda de muertos, posadas, rosca de reyes, d\u00eda del amor y la amistad, eventos relacionados con el medio ambiente, celebraci\u00f3n del d\u00eda de la madre, paseo al balneario de Zinapecuaro, entre otras visitas a museos y lugares tur\u00edsticos dentro del municipio.<\/p>\n<p>Finalmente, la funcionaria municipal reiter\u00f3 la disposici\u00f3n de la Estancia Diurna del Adulto Mayor, as\u00ed como del DIF Morelia y del Presidente Alfonso Mart\u00ednez por cuidar de la vida y salud de los usuarios, por lo que invit\u00f3 a la ciudadan\u00eda a proteger de este sector y parte importante de la sociedad desde el n\u00facleo familiar.<\/p>\n<p>Es importante reconocer la labor que ejercen los abuelitos dentro de la EDAM, ya que realizan actividades como: yoga, taich\u00ed,\u00a0feeling\u00a0dance, entre otras que promueven el movimiento corporal, la convivencia y sano esparcimiento.<\/p>\n","protected":false},"excerpt":{"rendered":"<p>Cerca de 7 mil atenciones\u00a0brindadas por EDAM a adultos mayores: DIF Morelia &nbsp; &nbsp; Con el fin de promover el cuidado de los adultos mayores, la cultura del envejecimiento activo, asi como las relaciones intergeneracionales; la Estancia Diurna del Adulto Mayor (EDAM) perteneciente al DIF Morelia, atiende a 85 beneficiarios que actualmente se encuentran en [&hellip;]<\/p>\n","protected":false},"author":2,"featured_media":39545,"comment_status":"closed","ping_status":"closed","sticky":false,"template":"","format":"standard","meta":{"footnotes":""},"categories":[14,60,9],"tags":[],"class_list":["post-39544","post","type-post","status-publish","format-standard","has-post-thumbnail","hentry","category-destacadas","category-michoacan","category-morelia"],"_links":{"self":[{"href":"https:\/\/radiowebmx.com\/nota\/wp-json\/wp\/v2\/posts\/39544","targetHints":{"allow":["GET"]}}],"collection":[{"href":"https:\/\/radiowebmx.com\/nota\/wp-json\/wp\/v2\/posts"}],"about":[{"href":"https:\/\/radiowebmx.com\/nota\/wp-json\/wp\/v2\/types\/post"}],"author":[{"embeddable":true,"href":"https:\/\/radiowebmx.com\/nota\/wp-json\/wp\/v2\/users\/2"}],"replies":[{"embeddable":true,"href":"https:\/\/radiowebmx.com\/nota\/wp-json\/wp\/v2\/comments?post=39544"}],"version-history":[{"count":1,"href":"https:\/\/radiowebmx.com\/nota\/wp-json\/wp\/v2\/posts\/39544\/revisions"}],"predecessor-version":[{"id":39547,"href":"https:\/\/radiowebmx.com\/nota\/wp-json\/wp\/v2\/posts\/39544\/revisions\/39547"}],"wp:featuredmedia":[{"embeddable":true,"href":"https:\/\/radiowebmx.com\/nota\/wp-json\/wp\/v2\/media\/39545"}],"wp:attachment":[{"href":"https:\/\/radiowebmx.com\/nota\/wp-json\/wp\/v2\/media?parent=39544"}],"wp:term":[{"taxonomy":"category","embeddable":true,"href":"https:\/\/radiowebmx.com\/nota\/wp-json\/wp\/v2\/categories?post=39544"},{"taxonomy":"post_tag","embeddable":true,"href":"https:\/\/radiowebmx.com\/nota\/wp-json\/wp\/v2\/tags?post=39544"}],"curies":[{"name":"wp","href":"https:\/\/api.w.org\/{rel}","templated":true}]}}