{"id":39540,"date":"2017-07-09T14:02:23","date_gmt":"2017-07-09T19:02:23","guid":{"rendered":"https:\/\/radiowebmx.com\/nota\/?p=39540"},"modified":"2017-07-10T10:53:40","modified_gmt":"2017-07-10T15:53:40","slug":"el-telebachillerato-oportunidad-de-crecimiento-para-jovenes-y-adultos","status":"publish","type":"post","link":"https:\/\/radiowebmx.com\/nota\/el-telebachillerato-oportunidad-de-crecimiento-para-jovenes-y-adultos\/","title":{"rendered":"El Telebachillerato, oportunidad de crecimiento para j\u00f3venes y adultos"},"content":{"rendered":"<p><strong>Morelia, Michoac\u00e1n, a 9 de julio de 2017<\/strong>.- El Telebachillerato Michoac\u00e1n contin\u00faa\u00a0promoviendo su oferta educativa en todo el estado con el objetivo de fortalecer el desarrollo educativo en las comunidades con mayor \u00edndice de marginaci\u00f3n y vulnerabilidad.<br \/>\n<a href=\"https:\/\/radiowebmx.com\/nota\/wp-content\/uploads\/2017\/07\/e210c2c4-b855-4605-b4ba-da062a900770.jpg\"><img loading=\"lazy\" decoding=\"async\" class=\"alignnone size-medium wp-image-39542\" src=\"https:\/\/radiowebmx.com\/nota\/wp-content\/uploads\/2017\/07\/e210c2c4-b855-4605-b4ba-da062a900770-595x524.jpg\" alt=\"\" width=\"595\" height=\"524\" srcset=\"https:\/\/radiowebmx.com\/nota\/wp-content\/uploads\/2017\/07\/e210c2c4-b855-4605-b4ba-da062a900770-595x524.jpg 595w, https:\/\/radiowebmx.com\/nota\/wp-content\/uploads\/2017\/07\/e210c2c4-b855-4605-b4ba-da062a900770.jpg 709w\" sizes=\"auto, (max-width: 595px) 100vw, 595px\" \/><\/a><br \/>\nEl director general del subsistema, Juan Carlos Barrag\u00e1n V\u00e9lez, destac\u00f3 la importancia de incentivar a las y los michoacanos y de trabajar por la educaci\u00f3n de calidad. \u201cEsto es una indicaci\u00f3n del Gobernador Silvano Aureoles Conejo, y la atendemos con acciones inmediatas, efectivas y eficaces\u201d, afirm\u00f3.<\/p>\n<p>Detall\u00f3 que es muy sencillo ingresar al Telebachillerato Michoac\u00e1n: s\u00f3lo es necesario presentar dos copias de la acta de nacimiento, CURP, certificado de secundaria y seis fotos tama\u00f1o infantil.<\/p>\n<p>La educaci\u00f3n es un derecho de todos, y la instituci\u00f3n trabaja con esfuerzo y dedicaci\u00f3n para incrementar su matr\u00edcula e invertir en infraestructura y equipamiento de sus centros acad\u00e9micos, con apoyo del Gobierno del Estado, para juntos lograr mayores resultados, indic\u00f3 Barrag\u00e1n V\u00e9lez.<\/p>\n","protected":false},"excerpt":{"rendered":"<p>Morelia, Michoac\u00e1n, a 9 de julio de 2017.- El Telebachillerato Michoac\u00e1n contin\u00faa\u00a0promoviendo su oferta educativa en todo el estado con el objetivo de fortalecer el desarrollo educativo en las comunidades con mayor \u00edndice de marginaci\u00f3n y vulnerabilidad. El director general del subsistema, Juan Carlos Barrag\u00e1n V\u00e9lez, destac\u00f3 la importancia de incentivar a las y los [&hellip;]<\/p>\n","protected":false},"author":2,"featured_media":39541,"comment_status":"closed","ping_status":"closed","sticky":false,"template":"","format":"standard","meta":{"footnotes":""},"categories":[14,3,60],"tags":[],"class_list":["post-39540","post","type-post","status-publish","format-standard","has-post-thumbnail","hentry","category-destacadas","category-gobierno-del-estado-de-michoacan","category-michoacan"],"_links":{"self":[{"href":"https:\/\/radiowebmx.com\/nota\/wp-json\/wp\/v2\/posts\/39540","targetHints":{"allow":["GET"]}}],"collection":[{"href":"https:\/\/radiowebmx.com\/nota\/wp-json\/wp\/v2\/posts"}],"about":[{"href":"https:\/\/radiowebmx.com\/nota\/wp-json\/wp\/v2\/types\/post"}],"author":[{"embeddable":true,"href":"https:\/\/radiowebmx.com\/nota\/wp-json\/wp\/v2\/users\/2"}],"replies":[{"embeddable":true,"href":"https:\/\/radiowebmx.com\/nota\/wp-json\/wp\/v2\/comments?post=39540"}],"version-history":[{"count":1,"href":"https:\/\/radiowebmx.com\/nota\/wp-json\/wp\/v2\/posts\/39540\/revisions"}],"predecessor-version":[{"id":39543,"href":"https:\/\/radiowebmx.com\/nota\/wp-json\/wp\/v2\/posts\/39540\/revisions\/39543"}],"wp:featuredmedia":[{"embeddable":true,"href":"https:\/\/radiowebmx.com\/nota\/wp-json\/wp\/v2\/media\/39541"}],"wp:attachment":[{"href":"https:\/\/radiowebmx.com\/nota\/wp-json\/wp\/v2\/media?parent=39540"}],"wp:term":[{"taxonomy":"category","embeddable":true,"href":"https:\/\/radiowebmx.com\/nota\/wp-json\/wp\/v2\/categories?post=39540"},{"taxonomy":"post_tag","embeddable":true,"href":"https:\/\/radiowebmx.com\/nota\/wp-json\/wp\/v2\/tags?post=39540"}],"curies":[{"name":"wp","href":"https:\/\/api.w.org\/{rel}","templated":true}]}}