{"id":39532,"date":"2017-07-09T15:17:49","date_gmt":"2017-07-09T20:17:49","guid":{"rendered":"https:\/\/radiowebmx.com\/nota\/?p=39532"},"modified":"2017-07-10T10:48:34","modified_gmt":"2017-07-10T15:48:34","slug":"arranca-medico-en-tu-casa-en-nuevo-urecho","status":"publish","type":"post","link":"https:\/\/radiowebmx.com\/nota\/arranca-medico-en-tu-casa-en-nuevo-urecho\/","title":{"rendered":"Arranca M\u00e9dico en Tu Casa en Nuevo Urecho"},"content":{"rendered":"<ul>\n<li>Se realiz\u00f3 un estudio en el municipio para determinar el mejor plan de acci\u00f3n para atender las necesidades de salud de la poblaci\u00f3n.<\/li>\n<\/ul>\n<p>Nuevo Urecho, Michoac\u00e1n, a 9 de julio de 2017.- Con el objetivo de acercar los servicios de salud a la poblaci\u00f3n de Nuevo Urecho que por su condici\u00f3n f\u00edsica, econ\u00f3mica o social no pueden acudir a las unidades de salud a recibir orientaci\u00f3n y atenci\u00f3n m\u00e9dica, arranc\u00f3 el programa M\u00e9dico en Tu Casa en ese municipio.<br \/>\n<a href=\"https:\/\/radiowebmx.com\/nota\/wp-content\/uploads\/2017\/07\/46f0a513-3cd6-4278-a837-d8a1f5366b20.jpeg\"><img loading=\"lazy\" decoding=\"async\" class=\"alignnone size-medium wp-image-39534\" src=\"https:\/\/radiowebmx.com\/nota\/wp-content\/uploads\/2017\/07\/46f0a513-3cd6-4278-a837-d8a1f5366b20-595x613.jpeg\" alt=\"\" width=\"595\" height=\"613\" srcset=\"https:\/\/radiowebmx.com\/nota\/wp-content\/uploads\/2017\/07\/46f0a513-3cd6-4278-a837-d8a1f5366b20-595x613.jpeg 595w, https:\/\/radiowebmx.com\/nota\/wp-content\/uploads\/2017\/07\/46f0a513-3cd6-4278-a837-d8a1f5366b20.jpeg 709w\" sizes=\"auto, (max-width: 595px) 100vw, 595px\" \/><\/a><br \/>\nEl enlace del Gobierno del Estado con el Ayuntamiento de esa demarcaci\u00f3n,\u00a0 Gustavo Valenzuela Cantellano, inform\u00f3 lo anterior y detall\u00f3 que este programa atender\u00e1 en sus hogares a aquellas personas que no puedan desplazarse por su propio pie a los centros de salud u hospitales y que no cuente con ning\u00fan tipo de seguridad social.<\/p>\n<p>El tambi\u00e9n titular del Servicio Nacional de Empleo en Michoac\u00e1n destac\u00f3 que previo al arranque del programa se realizaron visitas para tener un diagn\u00f3stico de la poblaci\u00f3n que requiere los servicios y conocer los principales padecimientos que se tienen a fin de definir un plan de trabajo para atenderlos correctamente.<\/p>\n<p>Hizo extensiva la invitaci\u00f3n a la poblaci\u00f3n de Nuevo Urecho a que participen y que abran las puertas de su casa a los encuestadores, con la finalidad de otorgar un mejor servicio y decretar que habitantes se estar\u00e1n visitando de manera permanente.<\/p>\n<p>Finalmente, el funcionario estatal reconoci\u00f3 la disposici\u00f3n y coordinaci\u00f3n del titular de la Secretar\u00eda de Salud de Michoac\u00e1n, El\u00edas Ibarra Torres, y del alcalde de Nuevo Urecho, Adolfo Rodr\u00edguez S\u00e1nchez, para impulsar el programa M\u00e9dico en Tu Casa y contribuir a fortalecer los servicios m\u00e9dicos que requieren las y los michoacanos.<\/p>\n","protected":false},"excerpt":{"rendered":"<p>Se realiz\u00f3 un estudio en el municipio para determinar el mejor plan de acci\u00f3n para atender las necesidades de salud de la poblaci\u00f3n. Nuevo Urecho, Michoac\u00e1n, a 9 de julio de 2017.- Con el objetivo de acercar los servicios de salud a la poblaci\u00f3n de Nuevo Urecho que por su condici\u00f3n f\u00edsica, econ\u00f3mica o social [&hellip;]<\/p>\n","protected":false},"author":2,"featured_media":39533,"comment_status":"closed","ping_status":"closed","sticky":false,"template":"","format":"standard","meta":{"footnotes":""},"categories":[14,3,60],"tags":[],"class_list":["post-39532","post","type-post","status-publish","format-standard","has-post-thumbnail","hentry","category-destacadas","category-gobierno-del-estado-de-michoacan","category-michoacan"],"_links":{"self":[{"href":"https:\/\/radiowebmx.com\/nota\/wp-json\/wp\/v2\/posts\/39532","targetHints":{"allow":["GET"]}}],"collection":[{"href":"https:\/\/radiowebmx.com\/nota\/wp-json\/wp\/v2\/posts"}],"about":[{"href":"https:\/\/radiowebmx.com\/nota\/wp-json\/wp\/v2\/types\/post"}],"author":[{"embeddable":true,"href":"https:\/\/radiowebmx.com\/nota\/wp-json\/wp\/v2\/users\/2"}],"replies":[{"embeddable":true,"href":"https:\/\/radiowebmx.com\/nota\/wp-json\/wp\/v2\/comments?post=39532"}],"version-history":[{"count":1,"href":"https:\/\/radiowebmx.com\/nota\/wp-json\/wp\/v2\/posts\/39532\/revisions"}],"predecessor-version":[{"id":39535,"href":"https:\/\/radiowebmx.com\/nota\/wp-json\/wp\/v2\/posts\/39532\/revisions\/39535"}],"wp:featuredmedia":[{"embeddable":true,"href":"https:\/\/radiowebmx.com\/nota\/wp-json\/wp\/v2\/media\/39533"}],"wp:attachment":[{"href":"https:\/\/radiowebmx.com\/nota\/wp-json\/wp\/v2\/media?parent=39532"}],"wp:term":[{"taxonomy":"category","embeddable":true,"href":"https:\/\/radiowebmx.com\/nota\/wp-json\/wp\/v2\/categories?post=39532"},{"taxonomy":"post_tag","embeddable":true,"href":"https:\/\/radiowebmx.com\/nota\/wp-json\/wp\/v2\/tags?post=39532"}],"curies":[{"name":"wp","href":"https:\/\/api.w.org\/{rel}","templated":true}]}}