{"id":39529,"date":"2017-07-10T10:41:48","date_gmt":"2017-07-10T15:41:48","guid":{"rendered":"https:\/\/radiowebmx.com\/nota\/?p=39529"},"modified":"2017-07-10T10:44:37","modified_gmt":"2017-07-10T15:44:37","slug":"continua-incremento-en-numero-de-pasajeros-en-el-aeropuerto-internacional-de-morelia","status":"publish","type":"post","link":"https:\/\/radiowebmx.com\/nota\/continua-incremento-en-numero-de-pasajeros-en-el-aeropuerto-internacional-de-morelia\/","title":{"rendered":"Continua incremento en n\u00famero de pasajeros en el Aeropuerto Internacional de Morelia"},"content":{"rendered":"<ul>\n<li>Crecen 31.9 por ciento los usuarios de vuelos nacionales y 11.6 por ciento los internacionales.<\/li>\n<\/ul>\n<p>&nbsp;<\/p>\n<div>Morelia, Mich., a 10 de julio de 2017<br \/>\nBOLET\u00cdN 1125\/2017<\/div>\n<p>&nbsp;<\/p>\n<div>\nEl n\u00famero de pasajeros que registr\u00f3 el Aeropuerto Internacional de Morelia durante el mes de junio, refleja un incremento en comparaci\u00f3n al mismo periodo del 2016, as\u00ed lo inform\u00f3 Thelma Aquique Arrieta, Secretaria de Turismo de Morelia.<\/p>\n<p>Aquique Arrieta destac\u00f3 que de acuerdo al reporte emitido por la Administraci\u00f3n del aeropuerto de Morelia, durante el mes de junio se recibieron un total de 53 mil 328 pasajeros, de los cuales 27 mil 941 fueron nacionales y 25 mil 387 fueron internacionales.<\/p>\n<p>Estas cifras representan un incremento de m\u00e1s del 21 por ciento en comparaci\u00f3n al mismo mes de junio del 2016, el cual fue de 43 mil 949 pasajeros por lo que la tendencia sigue a la alza en n\u00famero de visitantes que llegan a Morelia.<\/p>\n<p>Thelma Aquique resalt\u00f3 la gran importancia de estos n\u00fameros ya que las aerol\u00edneas que componen este aeropuerto le han apostado por incrementar sus vuelos, como es el caso de Tijuana, as\u00ed como la reciente inversi\u00f3n que hizo American Airlines con su cambio de unidad a un Bombardier CRJ-900, aeronave que ofrece 9 asientos en clase Ejecutiva y 67 asientos en clase Econ\u00f3mica.<\/p>\n<p>Destac\u00f3 que para el mes de julio y parte de agosto, continuar\u00e1 esta tendencia positiva en la que turistas y visitantes logren venir a Morelia por este medio a\u00e9reo y disfruten de las m\u00e1s de 60 actividades que se tienen programadas para este verano, las cuales pueden ser consultadas en el sitio web www.experienciamorelia.mx, que se encuentra ya traducida al ingl\u00e9s, y en la aplicaci\u00f3n para celulares Turismo Morelia MX.<\/p><\/div>\n","protected":false},"excerpt":{"rendered":"<p>Crecen 31.9 por ciento los usuarios de vuelos nacionales y 11.6 por ciento los internacionales. &nbsp; Morelia, Mich., a 10 de julio de 2017 BOLET\u00cdN 1125\/2017 &nbsp; El n\u00famero de pasajeros que registr\u00f3 el Aeropuerto Internacional de Morelia durante el mes de junio, refleja un incremento en comparaci\u00f3n al mismo periodo del 2016, as\u00ed lo [&hellip;]<\/p>\n","protected":false},"author":2,"featured_media":39530,"comment_status":"closed","ping_status":"closed","sticky":false,"template":"","format":"standard","meta":{"footnotes":""},"categories":[14,60,9],"tags":[],"class_list":["post-39529","post","type-post","status-publish","format-standard","has-post-thumbnail","hentry","category-destacadas","category-michoacan","category-morelia"],"_links":{"self":[{"href":"https:\/\/radiowebmx.com\/nota\/wp-json\/wp\/v2\/posts\/39529","targetHints":{"allow":["GET"]}}],"collection":[{"href":"https:\/\/radiowebmx.com\/nota\/wp-json\/wp\/v2\/posts"}],"about":[{"href":"https:\/\/radiowebmx.com\/nota\/wp-json\/wp\/v2\/types\/post"}],"author":[{"embeddable":true,"href":"https:\/\/radiowebmx.com\/nota\/wp-json\/wp\/v2\/users\/2"}],"replies":[{"embeddable":true,"href":"https:\/\/radiowebmx.com\/nota\/wp-json\/wp\/v2\/comments?post=39529"}],"version-history":[{"count":1,"href":"https:\/\/radiowebmx.com\/nota\/wp-json\/wp\/v2\/posts\/39529\/revisions"}],"predecessor-version":[{"id":39531,"href":"https:\/\/radiowebmx.com\/nota\/wp-json\/wp\/v2\/posts\/39529\/revisions\/39531"}],"wp:featuredmedia":[{"embeddable":true,"href":"https:\/\/radiowebmx.com\/nota\/wp-json\/wp\/v2\/media\/39530"}],"wp:attachment":[{"href":"https:\/\/radiowebmx.com\/nota\/wp-json\/wp\/v2\/media?parent=39529"}],"wp:term":[{"taxonomy":"category","embeddable":true,"href":"https:\/\/radiowebmx.com\/nota\/wp-json\/wp\/v2\/categories?post=39529"},{"taxonomy":"post_tag","embeddable":true,"href":"https:\/\/radiowebmx.com\/nota\/wp-json\/wp\/v2\/tags?post=39529"}],"curies":[{"name":"wp","href":"https:\/\/api.w.org\/{rel}","templated":true}]}}